{"id":28165,"date":"2019-04-15T19:00:00","date_gmt":"2019-04-15T23:00:00","guid":{"rendered":"https:\/\/linitiative.ca\/International\/m-gaid-salah-entame-une-visite-de-travail-a-ouargla\/"},"modified":"2019-04-15T19:00:00","modified_gmt":"2019-04-15T23:00:00","slug":"m-gaid-salah-entame-une-visite-de-travail-a-ouargla","status":"publish","type":"post","link":"https:\/\/linitiative.ca\/International\/m-gaid-salah-entame-une-visite-de-travail-a-ouargla\/","title":{"rendered":"M. Ga\u00efd Salah entame une visite de travail \u00e0 Ouargla"},"content":{"rendered":"<p><strong>Le g\u00e9n\u00e9ral de Corps d\u2019Arm\u00e9e, Ahmed Ga\u00efd Salah, vice-ministre de la D\u00e9fense nationale, Chef d\u2019\u00c9tat-Major de l\u2019Arm\u00e9e nationale populaire, a entam\u00e9 hier une visite de travail et d\u2019inspection aux unit\u00e9s de la 4e R\u00e9gion militaire \u00e0 Ouargla, indique le minist\u00e8re de la D\u00e9fense nationale, dans un communiqu\u00e9.<\/strong><\/p>\n<p>Cette visite s&rsquo;inscrit dans le cadre \u00abdu suivi de l\u2019\u00e9tat d\u2019avancement de l\u2019ex\u00e9cution du programme de pr\u00e9paration au combat pour l&rsquo;ann\u00e9e 2018-2019, \u00e0 travers l\u2019ensemble des unit\u00e9s de l\u2019Arm\u00e9e nationale populaire au niveau des diff\u00e9rentes R\u00e9gions militaires\u00bb, pr\u00e9cise la m\u00eame source. Le G\u00e9n\u00e9ral de Corps d\u2019Arm\u00e9e supervisera, mardi, \u00abl\u2019ex\u00e9cution d\u2019un exercice d\u00e9monstratif avec munitions r\u00e9elles, qui sera ex\u00e9cut\u00e9 par des unit\u00e9s terrestres et a\u00e9riennes, dans l\u2019objectif d\u2019\u00e9valuer la deuxi\u00e8me phase du programme de pr\u00e9paration au combat 2018\/2019\u00bb. Il pr\u00e9sidera, \u00e9galement lors de cette visite, \u00abune rencontre d\u2019orientation avec les cadres et les personnels de la R\u00e9gion, et inspectera quelques unit\u00e9s d\u00e9ploy\u00e9es le long de nos fronti\u00e8res\u00bb. \u00c0 l\u2019issue de la c\u00e9r\u00e9monie d\u2019accueil au niveau du Secteur op\u00e9rationnel Nord-Est d\u2019In Amenas, le G\u00e9n\u00e9ral de Corps d\u2019Arm\u00e9e, accompagn\u00e9 du G\u00e9n\u00e9ral-Major Hassan Ala\u00efmia, commandant de la 4e R\u00e9gion militaire, \u00aba mis l\u2019accent, lors d\u2019une rencontre avec le Commandement et les cadres de la R\u00e9gion, sur la n\u00e9cessit\u00e9 d\u2019accorder une importance majeure \u00e0 l\u2019ex\u00e9cution minutieuse et rigoureuse du programme de pr\u00e9paration au combat, notamment dans son volet relatif \u00e0 l\u2019ex\u00e9cution des exercices d\u00e9monstratifs avec munitions r\u00e9elles qui constituent un v\u00e9ritable test permettant l\u2019\u00e9valuation sur le terrain du niveau de disponibilit\u00e9 op\u00e9rationnelle atteint par les unit\u00e9s de la 4e R\u00e9gion militaire, en particulier, et les unit\u00e9s de l\u2019Arm\u00e9e nationale populaire, en g\u00e9n\u00e9ral\u00bb.<br \/>\u00a0<\/p>\n<p>Auteur: elmoudjahid<br \/>\n<a href=\"http:\/\/www.elmoudjahid.com\/fr\/actualites\/135887\">Cliquez ici pour lire l&rsquo;article depuis sa source.<\/a><\/p>\n","protected":false},"excerpt":{"rendered":"<p>Le g\u00e9n\u00e9ral de Corps d\u2019Arm\u00e9e, Ahmed Ga\u00efd Salah, vice-ministre de la D\u00e9fense nationale, Chef d\u2019\u00c9tat-Major de l\u2019Arm\u00e9e nationale populaire, a entam\u00e9 hier une visite de travail et d\u2019inspection aux unit\u00e9s de la 4e R\u00e9gion militaire \u00e0 Ouargla, indique le minist\u00e8re de la D\u00e9fense nationale, dans un communiqu\u00e9. Cette visite s&rsquo;inscrit dans le cadre \u00abdu suivi [&hellip;]<\/p>\n","protected":false},"author":1744,"featured_media":0,"comment_status":"closed","ping_status":"closed","sticky":false,"template":"","format":"standard","meta":{"fifu_image_url":"","fifu_image_alt":"","footnotes":""},"categories":[73,53],"tags":[],"class_list":["post-28165","post","type-post","status-publish","format-standard","hentry","category-actualite","category-algerie"],"_links":{"self":[{"href":"https:\/\/linitiative.ca\/International\/wp-json\/wp\/v2\/posts\/28165","targetHints":{"allow":["GET"]}}],"collection":[{"href":"https:\/\/linitiative.ca\/International\/wp-json\/wp\/v2\/posts"}],"about":[{"href":"https:\/\/linitiative.ca\/International\/wp-json\/wp\/v2\/types\/post"}],"author":[{"embeddable":true,"href":"https:\/\/linitiative.ca\/International\/wp-json\/wp\/v2\/users\/1744"}],"replies":[{"embeddable":true,"href":"https:\/\/linitiative.ca\/International\/wp-json\/wp\/v2\/comments?post=28165"}],"version-history":[{"count":0,"href":"https:\/\/linitiative.ca\/International\/wp-json\/wp\/v2\/posts\/28165\/revisions"}],"wp:attachment":[{"href":"https:\/\/linitiative.ca\/International\/wp-json\/wp\/v2\/media?parent=28165"}],"wp:term":[{"taxonomy":"category","embeddable":true,"href":"https:\/\/linitiative.ca\/International\/wp-json\/wp\/v2\/categories?post=28165"},{"taxonomy":"post_tag","embeddable":true,"href":"https:\/\/linitiative.ca\/International\/wp-json\/wp\/v2\/tags?post=28165"}],"curies":[{"name":"wp","href":"https:\/\/api.w.org\/{rel}","templated":true}]}}