{"id":28168,"date":"2019-04-15T19:00:00","date_gmt":"2019-04-15T23:00:00","guid":{"rendered":"https:\/\/linitiative.ca\/International\/m-boukadoum-sentretient-avec-son-homologue-russe-renforcer-la-cooperation\/"},"modified":"2019-04-15T19:00:00","modified_gmt":"2019-04-15T23:00:00","slug":"m-boukadoum-sentretient-avec-son-homologue-russe-renforcer-la-cooperation","status":"publish","type":"post","link":"https:\/\/linitiative.ca\/International\/m-boukadoum-sentretient-avec-son-homologue-russe-renforcer-la-cooperation\/","title":{"rendered":"M. Boukadoum s\u2019entretient avec son homologue russe  : Renforcer la coop\u00e9ration"},"content":{"rendered":"<p>Le ministre des Affaires \u00e9trang\u00e8res, Sabri Boukadoum, s\u2019est entretenu, hier \u00e0 Moscou, avec son homologue russe, Sergei Lavrov, dans le cadre de sa participation \u00e0 la 5e session du Forum minist\u00e9riel de coop\u00e9ration Russie-Monde arabe. Les deux ministres ont pass\u00e9 en revue les relations de coop\u00e9ration entre les deux pays et ont examin\u00e9 les moyens \u00e0 m\u00eame de les renforcer davantage. Ils se sont particuli\u00e8rement f\u00e9licit\u00e9s de la qualit\u00e9 des relations qui lient les deux pays et du respect mutuel dont elles ont toujours \u00e9t\u00e9 empreintes. Les deux ministres ont \u00e9galement eu un \u00e9change sur l\u2019ordre du jour de la 5e session du Forum minist\u00e9riel de coop\u00e9ration Russie-Monde arabe, ainsi que sur les questions r\u00e9gionales et internationales d\u2019int\u00e9r\u00eat commun.<\/p>\n<p>Auteur: elmoudjahid<br \/>\n<a href=\"http:\/\/www.elmoudjahid.com\/fr\/actualites\/135890\">Cliquez ici pour lire l&rsquo;article depuis sa source.<\/a><\/p>\n","protected":false},"excerpt":{"rendered":"<p>Le ministre des Affaires \u00e9trang\u00e8res, Sabri Boukadoum, s\u2019est entretenu, hier \u00e0 Moscou, avec son homologue russe, Sergei Lavrov, dans le cadre de sa participation \u00e0 la 5e session du Forum minist\u00e9riel de coop\u00e9ration Russie-Monde arabe. Les deux ministres ont pass\u00e9 en revue les relations de coop\u00e9ration entre les deux pays et ont examin\u00e9 les moyens [&hellip;]<\/p>\n","protected":false},"author":1744,"featured_media":0,"comment_status":"closed","ping_status":"closed","sticky":false,"template":"","format":"standard","meta":{"fifu_image_url":"","fifu_image_alt":"","footnotes":""},"categories":[73,53],"tags":[],"class_list":["post-28168","post","type-post","status-publish","format-standard","hentry","category-actualite","category-algerie"],"_links":{"self":[{"href":"https:\/\/linitiative.ca\/International\/wp-json\/wp\/v2\/posts\/28168","targetHints":{"allow":["GET"]}}],"collection":[{"href":"https:\/\/linitiative.ca\/International\/wp-json\/wp\/v2\/posts"}],"about":[{"href":"https:\/\/linitiative.ca\/International\/wp-json\/wp\/v2\/types\/post"}],"author":[{"embeddable":true,"href":"https:\/\/linitiative.ca\/International\/wp-json\/wp\/v2\/users\/1744"}],"replies":[{"embeddable":true,"href":"https:\/\/linitiative.ca\/International\/wp-json\/wp\/v2\/comments?post=28168"}],"version-history":[{"count":0,"href":"https:\/\/linitiative.ca\/International\/wp-json\/wp\/v2\/posts\/28168\/revisions"}],"wp:attachment":[{"href":"https:\/\/linitiative.ca\/International\/wp-json\/wp\/v2\/media?parent=28168"}],"wp:term":[{"taxonomy":"category","embeddable":true,"href":"https:\/\/linitiative.ca\/International\/wp-json\/wp\/v2\/categories?post=28168"},{"taxonomy":"post_tag","embeddable":true,"href":"https:\/\/linitiative.ca\/International\/wp-json\/wp\/v2\/tags?post=28168"}],"curies":[{"name":"wp","href":"https:\/\/api.w.org\/{rel}","templated":true}]}}