{"id":28169,"date":"2019-04-15T19:00:00","date_gmt":"2019-04-15T23:00:00","guid":{"rendered":"https:\/\/linitiative.ca\/International\/algerie-bulgarie-poursuite-de-la-cooperation-bilaterale\/"},"modified":"2019-04-15T19:00:00","modified_gmt":"2019-04-15T23:00:00","slug":"algerie-bulgarie-poursuite-de-la-cooperation-bilaterale","status":"publish","type":"post","link":"https:\/\/linitiative.ca\/International\/algerie-bulgarie-poursuite-de-la-cooperation-bilaterale\/","title":{"rendered":"Alg\u00e9rie &#8211; Bulgarie : Poursuite de la coop\u00e9ration bilat\u00e9rale"},"content":{"rendered":"<p>Le pr\u00e9sident de la commission des affaires \u00e9trang\u00e8res, de la coop\u00e9ration et de la communaut\u00e9 \u00e0 l&rsquo;\u00e9tranger, Abdelhamid Si Affif, et l&rsquo;ambassadeur de Bulgarie, Roumen Petrov, ont mis en avant, hier \u00e0 Alger, l&rsquo;imp\u00e9rative poursuite de la coop\u00e9ration entretenue par les deux pays \u00e0 tous les niveaux. Le pr\u00e9sident de la commission a mis en relief, lors de cette rencontre, les relations historiques \u00absolides\u00bb unissant les deux pays, avant de souligner \u00abl&rsquo;importance de la consolidation des relations commerciales et \u00e9conomiques existantes en vue de les hisser au niveau des relations politiques privil\u00e9gi\u00e9es liant l&rsquo;Alg\u00e9rie et la Bulgarie\u00bb. Apr\u00e8s s&rsquo;\u00eatre f\u00e9licit\u00e9 du r\u00f4le que joue la Bulgarie au niveau de l&rsquo;Union europ\u00e9enne, M. Si Affif a \u00e9voqu\u00e9 le r\u00f4le des groupes parlementaires d&rsquo;amiti\u00e9 dans le renforcement des liens de coop\u00e9ration bilat\u00e9rale, annon\u00e7ant, \u00e0 cette occasion, l&rsquo;installation prochaine du groupe d&rsquo;amiti\u00e9 parlementaire avec la Bulgarie. Pour sa part, le diplomate a mis en exergue \u00abla n\u00e9cessaire poursuite des efforts de coop\u00e9ration \u00e0 tous les niveaux\u00bb, et \u00e0 tirer profit des expertises et exp\u00e9riences des deux pays, faisant part \u00e9galement de \u00abson enti\u00e8re disponibilit\u00e9 \u00e0 poursuivre la coop\u00e9ration permanente avec la commission des affaires \u00e9trang\u00e8res, de la coop\u00e9ration et de la communaut\u00e9 \u00e0 l&rsquo;\u00e9tranger\u00bb.<\/p>\n<p>Auteur: elmoudjahid<br \/>\n<a href=\"http:\/\/www.elmoudjahid.com\/fr\/actualites\/135891\">Cliquez ici pour lire l&rsquo;article depuis sa source.<\/a><\/p>\n","protected":false},"excerpt":{"rendered":"<p>Le pr\u00e9sident de la commission des affaires \u00e9trang\u00e8res, de la coop\u00e9ration et de la communaut\u00e9 \u00e0 l&rsquo;\u00e9tranger, Abdelhamid Si Affif, et l&rsquo;ambassadeur de Bulgarie, Roumen Petrov, ont mis en avant, hier \u00e0 Alger, l&rsquo;imp\u00e9rative poursuite de la coop\u00e9ration entretenue par les deux pays \u00e0 tous les niveaux. Le pr\u00e9sident de la commission a mis en [&hellip;]<\/p>\n","protected":false},"author":1744,"featured_media":0,"comment_status":"closed","ping_status":"closed","sticky":false,"template":"","format":"standard","meta":{"fifu_image_url":"","fifu_image_alt":"","footnotes":""},"categories":[73,53],"tags":[],"class_list":["post-28169","post","type-post","status-publish","format-standard","hentry","category-actualite","category-algerie"],"_links":{"self":[{"href":"https:\/\/linitiative.ca\/International\/wp-json\/wp\/v2\/posts\/28169","targetHints":{"allow":["GET"]}}],"collection":[{"href":"https:\/\/linitiative.ca\/International\/wp-json\/wp\/v2\/posts"}],"about":[{"href":"https:\/\/linitiative.ca\/International\/wp-json\/wp\/v2\/types\/post"}],"author":[{"embeddable":true,"href":"https:\/\/linitiative.ca\/International\/wp-json\/wp\/v2\/users\/1744"}],"replies":[{"embeddable":true,"href":"https:\/\/linitiative.ca\/International\/wp-json\/wp\/v2\/comments?post=28169"}],"version-history":[{"count":0,"href":"https:\/\/linitiative.ca\/International\/wp-json\/wp\/v2\/posts\/28169\/revisions"}],"wp:attachment":[{"href":"https:\/\/linitiative.ca\/International\/wp-json\/wp\/v2\/media?parent=28169"}],"wp:term":[{"taxonomy":"category","embeddable":true,"href":"https:\/\/linitiative.ca\/International\/wp-json\/wp\/v2\/categories?post=28169"},{"taxonomy":"post_tag","embeddable":true,"href":"https:\/\/linitiative.ca\/International\/wp-json\/wp\/v2\/tags?post=28169"}],"curies":[{"name":"wp","href":"https:\/\/api.w.org\/{rel}","templated":true}]}}