{"id":28171,"date":"2019-04-16T10:55:00","date_gmt":"2019-04-16T14:55:00","guid":{"rendered":"https:\/\/linitiative.ca\/International\/gaid-salah-toutes-les-perspectives-possibles-restent-ouvertes\/"},"modified":"2019-04-16T10:55:00","modified_gmt":"2019-04-16T14:55:00","slug":"gaid-salah-toutes-les-perspectives-possibles-restent-ouvertes","status":"publish","type":"post","link":"https:\/\/linitiative.ca\/International\/gaid-salah-toutes-les-perspectives-possibles-restent-ouvertes\/","title":{"rendered":"Ga\u00efd Salah: \u00ab\u00a0toutes les perspectives possibles restent ouvertes\u00a0\u00bb"},"content":{"rendered":"<p><strong>Le g\u00e9n\u00e9ral de corps d&rsquo;Arm\u00e9e, Ahmed Ga\u00efd Salah, vice-ministre de la D\u00e9fense nationale, chef d&rsquo;Etat-major de l&rsquo;Arm\u00e9e nationale populaire (ANP), a r\u00e9it\u00e9r\u00e9, mardi \u00e0 Ouargla, que \u00ab\u00a0toutes les perspectives possibles restent ouvertes\u00a0\u00bb afin de \u00ab\u00a0surpasser les difficult\u00e9s et trouver une solution \u00e0 la crise dans les meilleurs d\u00e9lais\u00a0\u00bb.<\/strong><\/p>\n<p>\u00ab\u00a0Nous, en tant que Haut Commandement de l&rsquo;ANP et face \u00e0 la responsabilit\u00e9 historique que nous assumons, nous respectons parfaitement les dispositions de la Constitution pour la conduite de la transition, et je voudrais r\u00e9it\u00e9rer que toutes les perspectives possibles restent ouvertes afin de surpasser les difficult\u00e9s et trouver une solution \u00e0 la crise dans les meilleurs d\u00e9lais\u00a0\u00bb, indique un communiqu\u00e9 du minist\u00e8re de la D\u00e9fense nationale (MDN).<\/p>\n<blockquote readability=\"12\">\n<p><em><strong>Gaid Salah a estim\u00e9 que cela doit se faire \u00ab\u00a0de fa\u00e7on \u00e0 servir l&rsquo;int\u00e9r\u00eat supr\u00eame de la patrie, sans \u00e9gard \u00e0 l&rsquo;int\u00e9r\u00eat des individus et que nous n&rsquo;avons aucune autre ambition que celle de prot\u00e9ger la patrie, faire r\u00e9gner la s\u00e9curit\u00e9 et la stabilit\u00e9 et pr\u00e9server l&rsquo;image de marque du pays, comme l&rsquo;auraient voulu nos vaillants martyrs et qu&rsquo;Allah m&rsquo;en soit t\u00e9moin\u00a0\u00bb, a affirm\u00e9 le chef d&rsquo;Etat-major de l&rsquo;ANP dans une allocution au deuxi\u00e8me de sa visite \u00e0 la 4\u00e8me R\u00e9gion militaire \u00e0 Ouargla.<\/strong><\/em><\/p>\n<\/blockquote>\n<p>Le g\u00e9n\u00e9ral de corps d&rsquo;Arm\u00e9e a r\u00e9it\u00e9r\u00e9, par la m\u00eame occasion, l&rsquo;engagement \u00ab\u00a0immuable\u00a0\u00bb de l&rsquo;ANP \u00e0 \u00ab\u00a0accompagner la phase de transition\u00a0\u00bb, tout en soulignant la n\u00e9cessit\u00e9 de \u00ab\u00a0suivre la voie de la sagesse et de la patience\u00a0\u00bb.<\/p>\n<blockquote readability=\"13\">\n<p><em><strong>\u00ab\u00a0J&rsquo;insiste, une fois encore, sur la n\u00e9cessit\u00e9 de suivre la voie de la sagesse et de la patience, \u00e9tant donn\u00e9 que la situation pr\u00e9valant au d\u00e9but de cette transition est exceptionnelle et complexe, n\u00e9cessitant la conjugaison des efforts de tous les patriotes d\u00e9vou\u00e9s en vue de sortir indemne de cette \u00e9preuve\u00a0\u00bb, a-t-il fait savoir.<\/strong><\/em><\/p>\n<\/blockquote>\n<p>\u00ab\u00a0De notre part, nous r\u00e9it\u00e9rons l&rsquo;engagement de l&rsquo;ANP d&rsquo;accompagner les institutions de l&rsquo;Etat durant cette transition, tout en soulignant que toutes les perspectives possibles restent ouvertes afin de surpasser les difficult\u00e9s et trouver une solution \u00e0 la crise dans les meilleurs d\u00e9lais, car la situation ne peut perdurer davantage, vu que le temps nous est compt\u00e9\u00a0\u00bb, a-t-il pr\u00e9cis\u00e9.<\/p>\n<blockquote readability=\"14\">\n<p><em><strong>Ainsi, l&rsquo;Arm\u00e9e nationale populaire \u00ab\u00a0se consid\u00e8re toujours mobilis\u00e9e aux c\u00f4t\u00e9s de tous les d\u00e9vou\u00e9s, au service de son peuple et de sa Patrie, pour honorer l&rsquo;engagement qu&rsquo;elle a pris afin de r\u00e9aliser les revendications et les aspirations l\u00e9gitimes du peuple pour construire un Etat fort, s\u00fbr et stable, un Etat o\u00f9 chaque citoyen trouve sa place naturelle et ses espoirs m\u00e9rit\u00e9s\u00a0\u00bb, a affirm\u00e9 le g\u00e9n\u00e9ral de corps d&rsquo;Arm\u00e9e.<\/strong><\/em><\/p>\n<\/blockquote>\n<p>Auteur: elmoudjahid<br \/>\n<a href=\"http:\/\/www.elmoudjahid.com\/fr\/actualites\/135895\">Cliquez ici pour lire l&rsquo;article depuis sa source.<\/a><\/p>\n","protected":false},"excerpt":{"rendered":"<p>Le g\u00e9n\u00e9ral de corps d&rsquo;Arm\u00e9e, Ahmed Ga\u00efd Salah, vice-ministre de la D\u00e9fense nationale, chef d&rsquo;Etat-major de l&rsquo;Arm\u00e9e nationale populaire (ANP), a r\u00e9it\u00e9r\u00e9, mardi \u00e0 Ouargla, que \u00ab\u00a0toutes les perspectives possibles restent ouvertes\u00a0\u00bb afin de \u00ab\u00a0surpasser les difficult\u00e9s et trouver une solution \u00e0 la crise dans les meilleurs d\u00e9lais\u00a0\u00bb. \u00ab\u00a0Nous, en tant que Haut Commandement de [&hellip;]<\/p>\n","protected":false},"author":1744,"featured_media":0,"comment_status":"closed","ping_status":"closed","sticky":false,"template":"","format":"standard","meta":{"fifu_image_url":"","fifu_image_alt":"","footnotes":""},"categories":[73,53],"tags":[],"class_list":["post-28171","post","type-post","status-publish","format-standard","hentry","category-actualite","category-algerie"],"_links":{"self":[{"href":"https:\/\/linitiative.ca\/International\/wp-json\/wp\/v2\/posts\/28171","targetHints":{"allow":["GET"]}}],"collection":[{"href":"https:\/\/linitiative.ca\/International\/wp-json\/wp\/v2\/posts"}],"about":[{"href":"https:\/\/linitiative.ca\/International\/wp-json\/wp\/v2\/types\/post"}],"author":[{"embeddable":true,"href":"https:\/\/linitiative.ca\/International\/wp-json\/wp\/v2\/users\/1744"}],"replies":[{"embeddable":true,"href":"https:\/\/linitiative.ca\/International\/wp-json\/wp\/v2\/comments?post=28171"}],"version-history":[{"count":0,"href":"https:\/\/linitiative.ca\/International\/wp-json\/wp\/v2\/posts\/28171\/revisions"}],"wp:attachment":[{"href":"https:\/\/linitiative.ca\/International\/wp-json\/wp\/v2\/media?parent=28171"}],"wp:term":[{"taxonomy":"category","embeddable":true,"href":"https:\/\/linitiative.ca\/International\/wp-json\/wp\/v2\/categories?post=28171"},{"taxonomy":"post_tag","embeddable":true,"href":"https:\/\/linitiative.ca\/International\/wp-json\/wp\/v2\/tags?post=28171"}],"curies":[{"name":"wp","href":"https:\/\/api.w.org\/{rel}","templated":true}]}}