{"id":28183,"date":"2019-04-16T13:33:00","date_gmt":"2019-04-16T17:33:00","guid":{"rendered":"https:\/\/linitiative.ca\/International\/presidentielle-du-4-juillet-debut-de-loperation-de-la-revision-des-listes-electorales\/"},"modified":"2019-04-16T13:33:00","modified_gmt":"2019-04-16T17:33:00","slug":"presidentielle-du-4-juillet-debut-de-loperation-de-la-revision-des-listes-electorales","status":"publish","type":"post","link":"https:\/\/linitiative.ca\/International\/presidentielle-du-4-juillet-debut-de-loperation-de-la-revision-des-listes-electorales\/","title":{"rendered":"PRESIDENTIELLE DU 4 JUILLET : D\u00e9but de l&rsquo;op\u00e9ration de la r\u00e9vision des listes \u00e9lectorales"},"content":{"rendered":"<p><br id=\"sep_para_1\" class=\"sep_para access\"\/><\/p>\n<div id=\"para_1\" class=\"para_30444751 resize\">\n<div class=\"texte access firstletter\">L&rsquo;op\u00e9ration de r\u00e9vision exceptionnelle des listes \u00e9lectorales, en pr\u00e9vision de l&rsquo;\u00e9lection pr\u00e9sidentielle du 4 juillet prochain, a \u00e9t\u00e9 entam\u00e9e mardi et durera jusqu&rsquo;au 23 avril 2019. Le minist\u00e8re de l&rsquo;Int\u00e9rieur, des Collectivit\u00e9s locales et de l&rsquo;Am\u00e9nagement du territoire a invit\u00e9 dans un communiqu\u00e9, tous les citoyens et citoyennes non-inscrits sur les listes \u00e9lectorales et \u00e2g\u00e9s de 18 ans r\u00e9volus le jour du scrutin, soit le 4 juillet 2019, \u00e0 demander leur inscription sur la liste \u00e9lectorale de la commune de r\u00e9sidence. Les \u00e9lecteurs ayant chang\u00e9 de r\u00e9sidence doivent, quant \u00e0 eux, se rapprocher de leur nouvelle commune de r\u00e9sidence qui prendra en charge la proc\u00e9dure de radiation et d&rsquo;inscription. La demande d&rsquo;inscription doit \u00eatre appuy\u00e9e par la pr\u00e9sentation de deux documents, l&rsquo;un justifiant l&rsquo;identit\u00e9 et l&rsquo;autre justifiant la r\u00e9sidence.\u00a0\u00a0\u00a0\u00a0\u00a0\u00a0\u00a0\u00a0\u00a0\u00a0\u00a0\u00a0\u00a0<\/div>\n<\/div>\n<p>Auteur: Nadine<br \/>\n<a href=\"https:\/\/www.reflexiondz.net\/PRESIDENTIELLE-DU-4-JUILLET-Debut-de-l-operation-de-la-revision-des-listes-electorales_a55420.html\">Cliquez ici pour lire l&rsquo;article depuis sa source.<\/a><\/p>\n","protected":false},"excerpt":{"rendered":"<p>L&rsquo;op\u00e9ration de r\u00e9vision exceptionnelle des listes \u00e9lectorales, en pr\u00e9vision de l&rsquo;\u00e9lection pr\u00e9sidentielle du 4 juillet prochain, a \u00e9t\u00e9 entam\u00e9e mardi et durera jusqu&rsquo;au 23 avril 2019. Le minist\u00e8re de l&rsquo;Int\u00e9rieur, des Collectivit\u00e9s locales et de l&rsquo;Am\u00e9nagement du territoire a invit\u00e9 dans un communiqu\u00e9, tous les citoyens et citoyennes non-inscrits sur les listes \u00e9lectorales et \u00e2g\u00e9s [&hellip;]<\/p>\n","protected":false},"author":1740,"featured_media":0,"comment_status":"closed","ping_status":"closed","sticky":false,"template":"","format":"standard","meta":{"fifu_image_url":"","fifu_image_alt":"","footnotes":""},"categories":[53,76],"tags":[],"class_list":["post-28183","post","type-post","status-publish","format-standard","hentry","category-algerie","category-regions"],"_links":{"self":[{"href":"https:\/\/linitiative.ca\/International\/wp-json\/wp\/v2\/posts\/28183","targetHints":{"allow":["GET"]}}],"collection":[{"href":"https:\/\/linitiative.ca\/International\/wp-json\/wp\/v2\/posts"}],"about":[{"href":"https:\/\/linitiative.ca\/International\/wp-json\/wp\/v2\/types\/post"}],"author":[{"embeddable":true,"href":"https:\/\/linitiative.ca\/International\/wp-json\/wp\/v2\/users\/1740"}],"replies":[{"embeddable":true,"href":"https:\/\/linitiative.ca\/International\/wp-json\/wp\/v2\/comments?post=28183"}],"version-history":[{"count":0,"href":"https:\/\/linitiative.ca\/International\/wp-json\/wp\/v2\/posts\/28183\/revisions"}],"wp:attachment":[{"href":"https:\/\/linitiative.ca\/International\/wp-json\/wp\/v2\/media?parent=28183"}],"wp:term":[{"taxonomy":"category","embeddable":true,"href":"https:\/\/linitiative.ca\/International\/wp-json\/wp\/v2\/categories?post=28183"},{"taxonomy":"post_tag","embeddable":true,"href":"https:\/\/linitiative.ca\/International\/wp-json\/wp\/v2\/tags?post=28183"}],"curies":[{"name":"wp","href":"https:\/\/api.w.org\/{rel}","templated":true}]}}