{"id":28185,"date":"2019-04-16T13:33:00","date_gmt":"2019-04-16T17:33:00","guid":{"rendered":"https:\/\/linitiative.ca\/International\/sidi-bel-abbes-a-quand-le-dedoublement-de-la-r-n-13\/"},"modified":"2019-04-16T13:33:00","modified_gmt":"2019-04-16T17:33:00","slug":"sidi-bel-abbes-a-quand-le-dedoublement-de-la-r-n-13","status":"publish","type":"post","link":"https:\/\/linitiative.ca\/International\/sidi-bel-abbes-a-quand-le-dedoublement-de-la-r-n-13\/","title":{"rendered":"SIDI BEL ABBES : \u00c0 quand le d\u00e9doublement  de la R.N 13 ?"},"content":{"rendered":"<p><br id=\"sep_para_1\" class=\"sep_para access\"\/><\/p>\n<div id=\"para_1\" class=\"para_30444665 resize\">\n<div class=\"texte access firstletter\">Telle est la question que se posent inlassablement, la population locale et notamment l&rsquo;ensemble des automobilistes et des usagers de la route de la partie sud de la Wilaya.\u00a0\u00bbLa r\u00e9alisation\u00a0 du d\u00e9doublement de la route nationale \u00e0 partir du chef-lieu\u00a0 de Wilaya vers T\u00e9lagh, lancent de fid\u00e8les usagers de ce tron\u00e7on routier de 50 km, tarde\u00a0 \u00e0\u00a0 voir le jour, donnant lieu \u00e0 des opinions partag\u00e9es et\u00a0 d&rsquo;hypoth\u00e9tiques sp\u00e9culations au point o\u00f9 certains\u00a0 de nos concitoyens pensent\u00a0 que le projet centralis\u00e9 en question, datant des ann\u00e9es 80 ,aurait \u00e9t\u00e9 renvoy\u00e9 aux calendes grecques et qu&rsquo;il\u00a0 ne\u00a0 serait pas lanc\u00e9 de sit\u00f4t \u00ab\u00a0. D&rsquo;autres intervenants rench\u00e9rissent:\u00a0\u00bb le directeur actuel des travaux publics a pourtant r\u00e9agi en 2017 \u00e0 nos perp\u00e9tuelles dol\u00e9ances, sur les ondes de la radio locale, en soulignant qu&rsquo;il aurait m\u00eame fait des propositions sur l&rsquo;enveloppe financi\u00e8re \u00e0 la tutelle centrale permettant la r\u00e9alisation du projet. Nous en\u00a0 attendons toujours une suite apaisante\u00a0\u00bb.\u00a0\u00bbIl faudrait rappeler que deux \u00e0\u00a0 trois projets audacieux similaires ont \u00e9t\u00e9 r\u00e9alis\u00e9s ces derni\u00e8res ann\u00e9es, dans les parties Ouest et Est de Sidi Bel Abb\u00e8s, \u00e0 l&rsquo;image du trajet Sidi Bel Abb\u00e8s -Sfisef ou Sidi Bel Abb\u00e8s -Sidi\u00a0 Lahcen,\u00a0 diront d&rsquo;anciens travailleurs du secteur qui se sentent d\u00e9sesp\u00e9r\u00e9s\u00a0 de voir un jour cette op\u00e9ration soulager, un tant soit peu,les souffrances s&rsquo;aggravant de jour en jour, surtout que le trajet\u00a0 Sidi Bel Abb\u00e8s -T\u00e9lagh devient de plus en plus p\u00e9nible en raison des encombrements, pressions et autres bouchons qui s&rsquo;y produisent\u00a0 \u00e0 longueur\u00a0 d&rsquo;ann\u00e9e.\u00a0<\/div>\n<\/div>\n<p>Auteur: M.Noui<br \/>\n<a href=\"https:\/\/www.reflexiondz.net\/SIDI-BEL-ABBES-A-quand-le-dedoublement-de-la-R-N-13_a55414.html\">Cliquez ici pour lire l&rsquo;article depuis sa source.<\/a><\/p>\n","protected":false},"excerpt":{"rendered":"<p>Telle est la question que se posent inlassablement, la population locale et notamment l&rsquo;ensemble des automobilistes et des usagers de la route de la partie sud de la Wilaya.\u00a0\u00bbLa r\u00e9alisation\u00a0 du d\u00e9doublement de la route nationale \u00e0 partir du chef-lieu\u00a0 de Wilaya vers T\u00e9lagh, lancent de fid\u00e8les usagers de ce tron\u00e7on routier de 50 km, [&hellip;]<\/p>\n","protected":false},"author":1740,"featured_media":0,"comment_status":"closed","ping_status":"closed","sticky":false,"template":"","format":"standard","meta":{"fifu_image_url":"","fifu_image_alt":"","footnotes":""},"categories":[53,76],"tags":[],"class_list":["post-28185","post","type-post","status-publish","format-standard","hentry","category-algerie","category-regions"],"_links":{"self":[{"href":"https:\/\/linitiative.ca\/International\/wp-json\/wp\/v2\/posts\/28185","targetHints":{"allow":["GET"]}}],"collection":[{"href":"https:\/\/linitiative.ca\/International\/wp-json\/wp\/v2\/posts"}],"about":[{"href":"https:\/\/linitiative.ca\/International\/wp-json\/wp\/v2\/types\/post"}],"author":[{"embeddable":true,"href":"https:\/\/linitiative.ca\/International\/wp-json\/wp\/v2\/users\/1740"}],"replies":[{"embeddable":true,"href":"https:\/\/linitiative.ca\/International\/wp-json\/wp\/v2\/comments?post=28185"}],"version-history":[{"count":0,"href":"https:\/\/linitiative.ca\/International\/wp-json\/wp\/v2\/posts\/28185\/revisions"}],"wp:attachment":[{"href":"https:\/\/linitiative.ca\/International\/wp-json\/wp\/v2\/media?parent=28185"}],"wp:term":[{"taxonomy":"category","embeddable":true,"href":"https:\/\/linitiative.ca\/International\/wp-json\/wp\/v2\/categories?post=28185"},{"taxonomy":"post_tag","embeddable":true,"href":"https:\/\/linitiative.ca\/International\/wp-json\/wp\/v2\/tags?post=28185"}],"curies":[{"name":"wp","href":"https:\/\/api.w.org\/{rel}","templated":true}]}}