{"id":28199,"date":"2019-04-16T15:55:13","date_gmt":"2019-04-16T19:55:13","guid":{"rendered":"https:\/\/linitiative.ca\/International\/kamel-feniche-designe-president-du-conseil-constitutionnel\/"},"modified":"2019-04-16T15:55:13","modified_gmt":"2019-04-16T19:55:13","slug":"kamel-feniche-designe-president-du-conseil-constitutionnel","status":"publish","type":"post","link":"https:\/\/linitiative.ca\/International\/kamel-feniche-designe-president-du-conseil-constitutionnel\/","title":{"rendered":"Kamel Feniche d\u00e9sign\u00e9 pr\u00e9sident du Conseil Constitutionnel"},"content":{"rendered":"<h4 class=\"title-14\"\/>\n<p>Kamel Feniche a \u00e9t\u00e9 d\u00e9sign\u00e9 mardi pr\u00e9sident du Conseil Constitutionnel en remplacement de M. Tayeb Bela\u00efz, qui a pr\u00e9sent\u00e9 sa d\u00e9mission, le m\u00eame jour, au Chef de l\u2019Etat, M. Abdelkader Bensalah, indique un communiqu\u00e9 de la Pr\u00e9sidence de la R\u00e9publique.<\/p>\n<p>\u201cMonsieur Tayeb Bela\u00efz, pr\u00e9sident du Conseil Constitutionnel, a pr\u00e9sent\u00e9 sa d\u00e9mission, ce jour, mardi 16 avril 2019, \u00e0 Monsieur Abdelkader Bensalah, Chef de l\u2019Etat\u201d, pr\u00e9cise le communiqu\u00e9.<\/p>\n<p>\u201cMonsieur le Chef de l\u2019Etat a accept\u00e9 la d\u00e9mission de M. Tayeb Bela\u00efz et d\u00e9sign\u00e9 M. Kamel Feniche \u00e0 la fonction de pr\u00e9sident du Conseil Constitutionnel\u201d, ajoute la m\u00eame source.<\/p>\n<div class=\"yuzo_related_post style-1\" data-version=\"5.12.88\">\n<p><h3>Related Post<\/h3>\n<\/p>\n<div class=\"yuzo_wraps relatedthumb relatedpost-567406 c11\"><a href=\"https:\/\/www.elwatan.com\/edition\/actualite\/bouteflika-notifie-au-conseil-constitutionnel-sa-decision-de-mettre-fin-a-son-mandat-02-04-2019\"\/><\/p>\n<p><span class=\"yuzo__text--title c10\">Abdelaziz Bouteflika d\u00e9missionne<\/span><\/div>\n<\/div>\n<p><span class=\"post-views-label\">Post Views:<\/span> <span class=\"post-views-count\">1\u00a0670<\/span><\/p>\n<p>Auteur: Farouk Djouadi<br \/>\n<a href=\"https:\/\/www.elwatan.com\/edition\/actualite\/kamel-feniche-designe-president-du-conseil-constitutionnel-16-04-2019\">Cliquez ici pour lire l&rsquo;article depuis sa source.<\/a><\/p>\n","protected":false},"excerpt":{"rendered":"<p>Kamel Feniche a \u00e9t\u00e9 d\u00e9sign\u00e9 mardi pr\u00e9sident du Conseil Constitutionnel en remplacement de M. Tayeb Bela\u00efz, qui a pr\u00e9sent\u00e9 sa d\u00e9mission, le m\u00eame jour, au Chef de l\u2019Etat, M. Abdelkader Bensalah, indique un communiqu\u00e9 de la Pr\u00e9sidence de la R\u00e9publique. \u201cMonsieur Tayeb Bela\u00efz, pr\u00e9sident du Conseil Constitutionnel, a pr\u00e9sent\u00e9 sa d\u00e9mission, ce jour, mardi 16 [&hellip;]<\/p>\n","protected":false},"author":1743,"featured_media":0,"comment_status":"closed","ping_status":"closed","sticky":false,"template":"","format":"standard","meta":{"fifu_image_url":"","fifu_image_alt":"","footnotes":""},"categories":[73,53],"tags":[],"class_list":["post-28199","post","type-post","status-publish","format-standard","hentry","category-actualite","category-algerie"],"_links":{"self":[{"href":"https:\/\/linitiative.ca\/International\/wp-json\/wp\/v2\/posts\/28199","targetHints":{"allow":["GET"]}}],"collection":[{"href":"https:\/\/linitiative.ca\/International\/wp-json\/wp\/v2\/posts"}],"about":[{"href":"https:\/\/linitiative.ca\/International\/wp-json\/wp\/v2\/types\/post"}],"author":[{"embeddable":true,"href":"https:\/\/linitiative.ca\/International\/wp-json\/wp\/v2\/users\/1743"}],"replies":[{"embeddable":true,"href":"https:\/\/linitiative.ca\/International\/wp-json\/wp\/v2\/comments?post=28199"}],"version-history":[{"count":0,"href":"https:\/\/linitiative.ca\/International\/wp-json\/wp\/v2\/posts\/28199\/revisions"}],"wp:attachment":[{"href":"https:\/\/linitiative.ca\/International\/wp-json\/wp\/v2\/media?parent=28199"}],"wp:term":[{"taxonomy":"category","embeddable":true,"href":"https:\/\/linitiative.ca\/International\/wp-json\/wp\/v2\/categories?post=28199"},{"taxonomy":"post_tag","embeddable":true,"href":"https:\/\/linitiative.ca\/International\/wp-json\/wp\/v2\/tags?post=28199"}],"curies":[{"name":"wp","href":"https:\/\/api.w.org\/{rel}","templated":true}]}}