{"id":28200,"date":"2019-04-16T16:22:55","date_gmt":"2019-04-16T20:22:55","guid":{"rendered":"https:\/\/linitiative.ca\/International\/mouvement-estudiantin-appel-a-une-structuration-nationale\/"},"modified":"2019-04-16T16:22:55","modified_gmt":"2019-04-16T20:22:55","slug":"mouvement-estudiantin-appel-a-une-structuration-nationale","status":"publish","type":"post","link":"https:\/\/linitiative.ca\/International\/mouvement-estudiantin-appel-a-une-structuration-nationale\/","title":{"rendered":"Mouvement estudiantin :\u00a0Appel \u00e0 une structuration nationale"},"content":{"rendered":"<h4 class=\"title-14\"\/>\n<div class=\"featured_image\"><img width=\"1000\" height=\"725\" data-cfsrc=\"https:\/\/www.elwatan.com\/wp-content\/uploads\/2019\/04\/Sans-titre-1-62.gif\" class=\"attachment-post-thumbnail size-post-thumbnail wp-post-image c1\" alt=\"\"\/><noscript><\/p>\n<p><img loading=\"lazy\" decoding=\"async\" width=\"1000\" height=\"725\" src=\"https:\/\/www.elwatan.com\/wp-content\/uploads\/2019\/04\/Sans-titre-1-62.gif\" class=\"attachment-post-thumbnail size-post-thumbnail wp-post-image\" alt=\"\"\/><\/p>\n<p><\/noscript><\/div>\n<p class=\"p4\">La mobilisation des \u00e9tudiants \u00e0 travers l\u2019ensemble des campus d\u2019Alg\u00e9rie ne faiblit pas. D\u00e9brayages, rassemblements dans les enceintes des facult\u00e9s et marches dans plusieurs wilayas du pays.<\/p>\n<p class=\"p4\">Tel est le d\u00e9cor quotidien qu\u2019offre aujourd\u2019hui l\u2019universit\u00e9, dans un contexte g\u00e9n\u00e9ral de r\u00e9volte populaire contre le \u00abr\u00e9gime\u00bb et ses repr\u00e9sentants. L\u2019arrestation par la police de certains \u00e9tudiants et l\u2019usage de la force contre des manifestants ne sont pas venus \u00e0 bout de ce mouvement, qui semble d\u00e9cid\u00e9 \u00e0 s\u2019impliquer pleinement dans le hirak.<\/p>\n<p class=\"p4\">Comme chaque mardi, les \u00e9tudiants sont sortis, hier, occuper la rue, en d\u00e9pit de la r\u00e9pression qui s\u2019est abattue sur eux. Mots d\u2019ordre : rejet de l\u2019article 102, application de l\u2019article 7, accordant la pleine souverainet\u00e9 au peuple pour g\u00e9rer la transition et choisir son destin politique, arr\u00eat des violences polici\u00e8res.<\/p>\n<p class=\"p4\">Il faut dire, cependant, que le mouvement estudiantin manque, \u00e0 ce jour, d\u2019organisation et de structuration, et ne semble pas parvenir encore \u00e0 d\u00e9gager des repr\u00e9sentants au niveau national, ni m\u00eame r\u00e9gional.<\/p>\n<p class=\"p4\">Pratiquement, dans chaque universit\u00e9, des comit\u00e9s autonomes ont vu le jour et ont, certes, r\u00e9ussi \u00e0 f\u00e9d\u00e9rer les \u00e9tudiants localement, mais ils ne sont pas encore arriv\u00e9s \u00e0 s\u2019interconnecter avec l\u2019ensemble des \u00e9tablissements universitaires pour donner \u00e0 leur mouvement une dimension nationale.<\/p>\n<p class=\"p4\">Il serait, peut-\u00eatre, un peu t\u00f4t pour voir un tel r\u00e9sultat se r\u00e9aliser, compte tenu du nombre important d\u2019\u00e9tudiants recens\u00e9s \u00e0 travers le territoire national et de celui des universit\u00e9s les abritant. Il n\u2019en demeure pas moins que des tentatives d\u2019\u00abunification\u00bb sont d\u00e9j\u00e0 lanc\u00e9es, ici et l\u00e0, en coordination avec le corps des enseignants du sup\u00e9rieur.<\/p>\n<p class=\"p4\">A Alger, par exemple, le comit\u00e9 autonome provisoire des \u00e9tudiants de l\u2019universit\u00e9 d\u2019Alger 2 (Bouzar\u00e9ah) a appel\u00e9, jeudi dernier lors d\u2019une assembl\u00e9e g\u00e9n\u00e9rale, \u00e0 <em>\u00ab\u00e9largir le travail de coordination \u00e0 l\u2019ensemble des facult\u00e9s d\u2019Alger, mais aussi \u00e0 l\u2019ensemble des universit\u00e9s de la r\u00e9gion<\/em>, <em>et ce, dans le but de parvenir \u00e0 une structuration unifi\u00e9e r\u00e9gionale, puis nationale\u00bb.<\/em><\/p>\n<p class=\"p4\">Cette structure, expliquent les animateurs du comit\u00e9, aura pour mission d\u2019<em>\u00abarr\u00eater, en commun accord avec les enseignants, une plateforme nationale de revendications incluant les deux volets, politique et p\u00e9dagogique\u00bb<\/em>.<\/p>\n<p class=\"p4\">Les participants au d\u00e9bat initi\u00e9 par le comit\u00e9 ont tous insist\u00e9 sur la n\u00e9cessit\u00e9 de s\u2019auto-organiser, loin des organisations estudiantines traditionnelles qualifi\u00e9es de <em>\u00absatellitaires\u00bb,<\/em> et de lancer, au sein de la communaut\u00e9 universitaire, <em>\u00abde larges discussions sur la situation politique actuelle du pays, parall\u00e8lement \u00e0 un travail de sensibilisation devant se faire \u00e0 travers des conf\u00e9rences, des rencontres-d\u00e9bats et tout autre moyen susceptible d\u2019\u00e9clairer encore plus la famille universitaire sur les d\u00e9fis \u00e0 relever et sur son r\u00f4le en cette p\u00e9riode cruciale pour le pays\u00bb<\/em>.<\/p>\n<p class=\"p4\">Afin de renforcer le mouvement de protestation populaire, \u00e9tudiants et enseignants se sont mis d\u2019accord sur la n\u00e9cessit\u00e9 de poursuivre les marches \u00e0 l\u2019ext\u00e9rieur des campus, tout en observant deux jours de gr\u00e8ve, le mardi de chaque semaine, et une deuxi\u00e8me journ\u00e9e fix\u00e9e diff\u00e9remment par les \u00e9tudiants dans chaque universit\u00e9.<\/p>\n<p class=\"p4\">De son c\u00f4t\u00e9, le comit\u00e9 autonome provisoire des enseignants de l\u2019universit\u00e9 d\u2019Alger 2, r\u00e9uni en assembl\u00e9e g\u00e9n\u00e9rale, a d\u00e9nonc\u00e9 vigoureusement toute forme de restriction r\u00e9pressive des libert\u00e9s collectives et individuelles que le pouvoir ill\u00e9gitime continue \u00e0 imposer en ce moment historique et crucial que traverse l\u2019Alg\u00e9rie.<\/p>\n<p class=\"p4\">L\u2019arrestation des militants, des \u00e9tudiants et des syndicalistes, l\u2019usage de la force contre les manifestants, l\u2019\u00e9vacuation des places publiques par la force, d\u00e9notent, selon le comit\u00e9, la volont\u00e9 politique claire de maintenir un Etat policier, contest\u00e9 quotidiennement par tout le peuple alg\u00e9rien.<\/p>\n<p class=\"p4\">Ces agissements plus qu\u2019arbitraires ne font, aux yeux des enseignants, que <em>\u00abrenforcer notre volont\u00e9 de poursuivre notre mouvement d\u00e9mocratique, pacifique, jusqu\u2019au triomphe de la volont\u00e9 populaire pour b\u00e2tir une R\u00e9publique v\u00e9ritablement d\u00e9mocratique et sociale\u00bb<\/em>.<\/p>\n<p><span class=\"post-views-label\">Post Views:<\/span> <span class=\"post-views-count\">116<\/span><\/p>\n<p>Auteur: Anis Khecheba<br \/>\n<a href=\"https:\/\/www.elwatan.com\/pages-hebdo\/etudiant\/mouvement-estudiantin-appel-a-une-structuration-nationale-16-04-2019\">Cliquez ici pour lire l&rsquo;article depuis sa source.<\/a><\/p>\n","protected":false},"excerpt":{"rendered":"<p>La mobilisation des \u00e9tudiants \u00e0 travers l\u2019ensemble des campus d\u2019Alg\u00e9rie ne faiblit pas. D\u00e9brayages, rassemblements dans les enceintes des facult\u00e9s et marches dans plusieurs wilayas du pays. Tel est le d\u00e9cor quotidien qu\u2019offre aujourd\u2019hui l\u2019universit\u00e9, dans un contexte g\u00e9n\u00e9ral de r\u00e9volte populaire contre le \u00abr\u00e9gime\u00bb et ses repr\u00e9sentants. L\u2019arrestation par la police de certains \u00e9tudiants [&hellip;]<\/p>\n","protected":false},"author":1743,"featured_media":28201,"comment_status":"closed","ping_status":"closed","sticky":false,"template":"","format":"standard","meta":{"fifu_image_url":"","fifu_image_alt":"","footnotes":""},"categories":[73,53],"tags":[],"class_list":["post-28200","post","type-post","status-publish","format-standard","has-post-thumbnail","hentry","category-actualite","category-algerie"],"_links":{"self":[{"href":"https:\/\/linitiative.ca\/International\/wp-json\/wp\/v2\/posts\/28200","targetHints":{"allow":["GET"]}}],"collection":[{"href":"https:\/\/linitiative.ca\/International\/wp-json\/wp\/v2\/posts"}],"about":[{"href":"https:\/\/linitiative.ca\/International\/wp-json\/wp\/v2\/types\/post"}],"author":[{"embeddable":true,"href":"https:\/\/linitiative.ca\/International\/wp-json\/wp\/v2\/users\/1743"}],"replies":[{"embeddable":true,"href":"https:\/\/linitiative.ca\/International\/wp-json\/wp\/v2\/comments?post=28200"}],"version-history":[{"count":0,"href":"https:\/\/linitiative.ca\/International\/wp-json\/wp\/v2\/posts\/28200\/revisions"}],"wp:featuredmedia":[{"embeddable":true,"href":"https:\/\/linitiative.ca\/International\/wp-json\/"}],"wp:attachment":[{"href":"https:\/\/linitiative.ca\/International\/wp-json\/wp\/v2\/media?parent=28200"}],"wp:term":[{"taxonomy":"category","embeddable":true,"href":"https:\/\/linitiative.ca\/International\/wp-json\/wp\/v2\/categories?post=28200"},{"taxonomy":"post_tag","embeddable":true,"href":"https:\/\/linitiative.ca\/International\/wp-json\/wp\/v2\/tags?post=28200"}],"curies":[{"name":"wp","href":"https:\/\/api.w.org\/{rel}","templated":true}]}}