{"id":28206,"date":"2019-04-16T11:50:00","date_gmt":"2019-04-16T15:50:00","guid":{"rendered":"https:\/\/linitiative.ca\/International\/un-nouvel-acquis-culturel-lecole-tunisienne-de-philosophie\/"},"modified":"2019-04-16T11:50:00","modified_gmt":"2019-04-16T15:50:00","slug":"un-nouvel-acquis-culturel-lecole-tunisienne-de-philosophie","status":"publish","type":"post","link":"https:\/\/linitiative.ca\/International\/un-nouvel-acquis-culturel-lecole-tunisienne-de-philosophie\/","title":{"rendered":"Un nouvel acquis culturel : l\u2019\u00e9cole tunisienne de philosophie"},"content":{"rendered":"<p>Un projet culturel vient de voir le jour \u00e0 la demande d\u2019un certain nombre de professeurs de philosophie : le coll\u00e8ge tunisien de philosophie. Il d\u00e9marre d\u00e8s le 26 avril avec une conf\u00e9rence de Abdelwahab Bouhdiba intitul\u00e9e\u00a0 \u00abLa philosophie\u00a0 et la crise de la culture\u00bb.<br \/>Sur la gen\u00e8se de ce projet, le professeur Fethi Triki\u00a0 a apport\u00e9 quelques \u00e9clairages : \u00ab le ministre de la Culture,\u00a0 Mohamed Zine El Abidine avait promis au lendemain de la conf\u00e9rence\u00a0 de la chaire de l\u2019UNESCO sur la philosophie qui s\u2019est tenue \u00e0 la cit\u00e9 de la Culturede Tunis sur le th\u00e8me\u00a0 \u00ab la philosophie et\u00a0 la culture \u00bb de mettre sur pied le club de Tunis pour la philosophie. Apr\u00e8s une s\u00e9rie de rencontres avec le ministre, l\u2019id\u00e9e a \u00e9volu\u00e9 pour ensuite aboutir\u00a0 \u00e0 la cr\u00e9ation du coll\u00e8ge de Tunis\u00a0 de philosophie. C\u2019est le premier de ce genre dans le monde arabe. Parrain\u00e9 par le ministre de la culture- Il a \u00e9t\u00e9 cr\u00e9\u00e9 par les professeurs Rachida Triki, Mohamed Mahjoub, Mohamed Ali Halouani, Hamid Ben Aziza, Zeineb Charni et Fethi Triki.\u00a0 La chaire de l\u2019UNESCO de la culture dans le monde arabe est heureuse d\u2019\u00eatre le premier contributeur de ce coll\u00e8ge.<br \/>\u00a0<\/p>\n<p>Auteur:<br \/>\n<a href=\"https:\/\/www.leaders.com.tn\/article\/26908-un-nouvel-acquis-culturel-l-ecole-tunisienne-de-philosophie\">Cliquez ici pour lire l&rsquo;article depuis sa source.<\/a><\/p>\n","protected":false},"excerpt":{"rendered":"<p>Un projet culturel vient de voir le jour \u00e0 la demande d\u2019un certain nombre de professeurs de philosophie : le coll\u00e8ge tunisien de philosophie. Il d\u00e9marre d\u00e8s le 26 avril avec une conf\u00e9rence de Abdelwahab Bouhdiba intitul\u00e9e\u00a0 \u00abLa philosophie\u00a0 et la crise de la culture\u00bb.Sur la gen\u00e8se de ce projet, le professeur Fethi Triki\u00a0 a [&hellip;]<\/p>\n","protected":false},"author":1772,"featured_media":0,"comment_status":"closed","ping_status":"closed","sticky":false,"template":"","format":"standard","meta":{"fifu_image_url":"","fifu_image_alt":"","footnotes":""},"categories":[73,55],"tags":[],"class_list":["post-28206","post","type-post","status-publish","format-standard","hentry","category-actualite","category-tunisie"],"_links":{"self":[{"href":"https:\/\/linitiative.ca\/International\/wp-json\/wp\/v2\/posts\/28206","targetHints":{"allow":["GET"]}}],"collection":[{"href":"https:\/\/linitiative.ca\/International\/wp-json\/wp\/v2\/posts"}],"about":[{"href":"https:\/\/linitiative.ca\/International\/wp-json\/wp\/v2\/types\/post"}],"author":[{"embeddable":true,"href":"https:\/\/linitiative.ca\/International\/wp-json\/wp\/v2\/users\/1772"}],"replies":[{"embeddable":true,"href":"https:\/\/linitiative.ca\/International\/wp-json\/wp\/v2\/comments?post=28206"}],"version-history":[{"count":0,"href":"https:\/\/linitiative.ca\/International\/wp-json\/wp\/v2\/posts\/28206\/revisions"}],"wp:attachment":[{"href":"https:\/\/linitiative.ca\/International\/wp-json\/wp\/v2\/media?parent=28206"}],"wp:term":[{"taxonomy":"category","embeddable":true,"href":"https:\/\/linitiative.ca\/International\/wp-json\/wp\/v2\/categories?post=28206"},{"taxonomy":"post_tag","embeddable":true,"href":"https:\/\/linitiative.ca\/International\/wp-json\/wp\/v2\/tags?post=28206"}],"curies":[{"name":"wp","href":"https:\/\/api.w.org\/{rel}","templated":true}]}}