{"id":28207,"date":"2019-04-16T13:36:00","date_gmt":"2019-04-16T17:36:00","guid":{"rendered":"https:\/\/linitiative.ca\/International\/lhistoire-de-la-dynastie-husseinite-sous-la-plume-savante-de-mokhtar-bey\/"},"modified":"2019-04-16T13:36:00","modified_gmt":"2019-04-16T17:36:00","slug":"lhistoire-de-la-dynastie-husseinite-sous-la-plume-savante-de-mokhtar-bey","status":"publish","type":"post","link":"https:\/\/linitiative.ca\/International\/lhistoire-de-la-dynastie-husseinite-sous-la-plume-savante-de-mokhtar-bey\/","title":{"rendered":"L&rsquo;histoire de la dynastie husseinite  sous la plume  savante de Mokhtar Bey"},"content":{"rendered":"<p>C\u2019est un projet que Mokhtar Bey caressait depuis une bonne dizaine d\u2019ann\u00e9es. Un livre\u00a0 o\u00f9 il brasse \u00ab252 ann\u00e9es et 10 jours\u00a0 et quelques heures de r\u00e8gne husseinite\u00bb, soit plus de deux si\u00e8cles et demi d\u2019histoire de la Tunisie sous tous leurs aspects, trait\u00e9s sous trois titres :<\/p>\n<ul>\n<li>De la souverainet\u00e9 et de la dignit\u00e9 beylicales<\/li>\n<li>Du salamlik\u00a0 ou des beys au pouvoir<\/li>\n<li>et du haramlik ou des beys dans l\u2019intimit\u00e9\u00a0<\/li>\n<\/ul>\n<p>Le premier tome qui vient de para\u00eetre dans une \u00e9dition luxueuse\u00a0 fait partie d\u2019une s\u00e9rie de trois volumes de 700 pages chacun. Docteur en droit de l\u2019universit\u00e9 fran\u00e7aise, l&rsquo;auteur avait d\u00e9j\u00e0 publi\u00e9 deux livres sur cette dynastie dont il est l&rsquo;un des descendants.<\/p>\n<p>Un ouvrage de r\u00e9f\u00e9rence sur la dynastie husseinite qu&rsquo;il faut saluer.<\/p>\n<p><strong><em>El Mokhtar Bey, Le s\u00e9rail des beys de Tunis. Du tr\u00f4ne et du harem husseinites 1705-1957 Tome I De la souverait\u00e9 et de dignit\u00e9 beylicales publi\u00e9 \u00e0 compte d&rsquo;auteur<\/em><\/strong><br \/>\u00a0<\/p>\n<p>Auteur:<br \/>\n<a href=\"https:\/\/www.leaders.com.tn\/article\/26905-l-histoire-de-la-dynastie-husseinite-sous-la-plume-savante-de-mokhtar-bey\">Cliquez ici pour lire l&rsquo;article depuis sa source.<\/a><\/p>\n","protected":false},"excerpt":{"rendered":"<p>C\u2019est un projet que Mokhtar Bey caressait depuis une bonne dizaine d\u2019ann\u00e9es. Un livre\u00a0 o\u00f9 il brasse \u00ab252 ann\u00e9es et 10 jours\u00a0 et quelques heures de r\u00e8gne husseinite\u00bb, soit plus de deux si\u00e8cles et demi d\u2019histoire de la Tunisie sous tous leurs aspects, trait\u00e9s sous trois titres : De la souverainet\u00e9 et de la dignit\u00e9 [&hellip;]<\/p>\n","protected":false},"author":1772,"featured_media":0,"comment_status":"closed","ping_status":"closed","sticky":false,"template":"","format":"standard","meta":{"fifu_image_url":"","fifu_image_alt":"","footnotes":""},"categories":[73,55],"tags":[],"class_list":["post-28207","post","type-post","status-publish","format-standard","hentry","category-actualite","category-tunisie"],"_links":{"self":[{"href":"https:\/\/linitiative.ca\/International\/wp-json\/wp\/v2\/posts\/28207","targetHints":{"allow":["GET"]}}],"collection":[{"href":"https:\/\/linitiative.ca\/International\/wp-json\/wp\/v2\/posts"}],"about":[{"href":"https:\/\/linitiative.ca\/International\/wp-json\/wp\/v2\/types\/post"}],"author":[{"embeddable":true,"href":"https:\/\/linitiative.ca\/International\/wp-json\/wp\/v2\/users\/1772"}],"replies":[{"embeddable":true,"href":"https:\/\/linitiative.ca\/International\/wp-json\/wp\/v2\/comments?post=28207"}],"version-history":[{"count":0,"href":"https:\/\/linitiative.ca\/International\/wp-json\/wp\/v2\/posts\/28207\/revisions"}],"wp:attachment":[{"href":"https:\/\/linitiative.ca\/International\/wp-json\/wp\/v2\/media?parent=28207"}],"wp:term":[{"taxonomy":"category","embeddable":true,"href":"https:\/\/linitiative.ca\/International\/wp-json\/wp\/v2\/categories?post=28207"},{"taxonomy":"post_tag","embeddable":true,"href":"https:\/\/linitiative.ca\/International\/wp-json\/wp\/v2\/tags?post=28207"}],"curies":[{"name":"wp","href":"https:\/\/api.w.org\/{rel}","templated":true}]}}