{"id":28208,"date":"2019-04-16T14:44:00","date_gmt":"2019-04-16T18:44:00","guid":{"rendered":"https:\/\/linitiative.ca\/International\/a-linitiative-de-la-tunisie-et-du-liban-lunesco-instaure-la-journee-mondiale-de-lolivier\/"},"modified":"2019-04-16T14:44:00","modified_gmt":"2019-04-16T18:44:00","slug":"a-linitiative-de-la-tunisie-et-du-liban-lunesco-instaure-la-journee-mondiale-de-lolivier","status":"publish","type":"post","link":"https:\/\/linitiative.ca\/International\/a-linitiative-de-la-tunisie-et-du-liban-lunesco-instaure-la-journee-mondiale-de-lolivier\/","title":{"rendered":"A l\u2019initiative de la Tunisie et du Liban, l\u2019UNESCO instaure la journ\u00e9e mondiale de l\u2019Olivier"},"content":{"rendered":"<p>R\u00e9uni en sa 206\u00e8me session, le Conseil ex\u00e9cutif de l\u2019UNESCO a adopt\u00e9 cet apr\u00e8s-midi (16 avril 2019) la r\u00e9solution 206\/EX41 d\u00e9clarant le 26 novembre journ\u00e9e mondiale de l\u2019Olivier. Le projet de r\u00e9solution avait \u00e9t\u00e9 introduit par les d\u00e9l\u00e9gations du Liban et de Tunisie aupr\u00e8s de l\u2019UNECO o\u00f9 elles y ont d\u00e9montr\u00e9 l\u2019extr\u00eame anciennet\u00e9 de cet \u00e9l\u00e9ment naturel puisque dans sa forme sauvage l\u2019Olivier remonterait \u00e0 environ 11 000 ans.\u00a0 Arbre mythique charg\u00e9 de symboles comme la force, la f\u00e9condit\u00e9, la richesse, la paix, la convivialit\u00e9, la lumi\u00e8re etc.;\u00a0 l\u2019olivier, est un agent de lutte contre le r\u00e9chauffement climatique, la pollution, la d\u00e9sertification et l\u2019\u00e9rosion.<\/p>\n<p>Adopt\u00e9e \u00e0 l\u2019unanimit\u00e9 apr\u00e8s avoir \u00e9t\u00e9 sponsoris\u00e9e par 47 Etats, la r\u00e9solution sera confirm\u00e9e par un vote de la conf\u00e9rence g\u00e9n\u00e9rale de l\u2019UNESCO \u00e0 l\u2019automne prochain.\u00a0<\/p>\n<p>Le principe de s\u2019adresser \u00e0 l\u2019UNESCO pour cette cons\u00e9cration avait \u00e9t\u00e9 retenu par le Conseil ol\u00e9icole international sur demande du Liban et de la Tunisie. La journ\u00e9e du 26 novembre \u00e9tait d\u00e9j\u00e0 la date retenue et f\u00eat\u00e9e par\u00a0 ce Conseil\u00a0 comptant\u00a0 une quinzaine de membres vient ainsi d\u2019\u00eatre reconnue par et pour l\u2019ensemble de la communaut\u00e9 internationale.<\/p>\n<p>Prenant la parole apr\u00e8s l\u2019adoption de la r\u00e9solution devant le conseil ex\u00e9cutif de l\u2019UNESCO l\u2019ambassadrice du Liban Mme Sahar Baassiri a rappel\u00e9 la port\u00e9e historique, mythologique et symbolique de l\u2019olivier quant \u00e0 l\u2019ambassadeur de Tunisie M. Ghazi Gherairi, il s\u2019est adress\u00e9 aux d\u00e9l\u00e9gu\u00e9s ayant pris part au vote en les f\u00e9licitant d\u2019avoir consacr\u00e9 l\u2019Olivier : \u00abUn\u00a0 symbole de paix entre les hommes et un symbole d\u2019activit\u00e9 humaine en paix avec la nature \u00bb.<br \/>\u00a0<\/p>\n<p>Auteur:<br \/>\n<a href=\"https:\/\/www.leaders.com.tn\/article\/26906-a-l-initiative-de-la-tunisie-et-du-liban-l-unesco-instaure-la-journee-mondiale-de-l-olivier\">Cliquez ici pour lire l&rsquo;article depuis sa source.<\/a><\/p>\n","protected":false},"excerpt":{"rendered":"<p>R\u00e9uni en sa 206\u00e8me session, le Conseil ex\u00e9cutif de l\u2019UNESCO a adopt\u00e9 cet apr\u00e8s-midi (16 avril 2019) la r\u00e9solution 206\/EX41 d\u00e9clarant le 26 novembre journ\u00e9e mondiale de l\u2019Olivier. Le projet de r\u00e9solution avait \u00e9t\u00e9 introduit par les d\u00e9l\u00e9gations du Liban et de Tunisie aupr\u00e8s de l\u2019UNECO o\u00f9 elles y ont d\u00e9montr\u00e9 l\u2019extr\u00eame anciennet\u00e9 de cet [&hellip;]<\/p>\n","protected":false},"author":1772,"featured_media":0,"comment_status":"closed","ping_status":"closed","sticky":false,"template":"","format":"standard","meta":{"fifu_image_url":"","fifu_image_alt":"","footnotes":""},"categories":[73,55],"tags":[],"class_list":["post-28208","post","type-post","status-publish","format-standard","hentry","category-actualite","category-tunisie"],"_links":{"self":[{"href":"https:\/\/linitiative.ca\/International\/wp-json\/wp\/v2\/posts\/28208","targetHints":{"allow":["GET"]}}],"collection":[{"href":"https:\/\/linitiative.ca\/International\/wp-json\/wp\/v2\/posts"}],"about":[{"href":"https:\/\/linitiative.ca\/International\/wp-json\/wp\/v2\/types\/post"}],"author":[{"embeddable":true,"href":"https:\/\/linitiative.ca\/International\/wp-json\/wp\/v2\/users\/1772"}],"replies":[{"embeddable":true,"href":"https:\/\/linitiative.ca\/International\/wp-json\/wp\/v2\/comments?post=28208"}],"version-history":[{"count":0,"href":"https:\/\/linitiative.ca\/International\/wp-json\/wp\/v2\/posts\/28208\/revisions"}],"wp:attachment":[{"href":"https:\/\/linitiative.ca\/International\/wp-json\/wp\/v2\/media?parent=28208"}],"wp:term":[{"taxonomy":"category","embeddable":true,"href":"https:\/\/linitiative.ca\/International\/wp-json\/wp\/v2\/categories?post=28208"},{"taxonomy":"post_tag","embeddable":true,"href":"https:\/\/linitiative.ca\/International\/wp-json\/wp\/v2\/tags?post=28208"}],"curies":[{"name":"wp","href":"https:\/\/api.w.org\/{rel}","templated":true}]}}