{"id":28210,"date":"2019-04-16T15:45:00","date_gmt":"2019-04-16T19:45:00","guid":{"rendered":"https:\/\/linitiative.ca\/International\/pourquoi-seront-ils-tous-ce-jeudi-a-sfax\/"},"modified":"2019-04-16T15:45:00","modified_gmt":"2019-04-16T19:45:00","slug":"pourquoi-seront-ils-tous-ce-jeudi-a-sfax","status":"publish","type":"post","link":"https:\/\/linitiative.ca\/International\/pourquoi-seront-ils-tous-ce-jeudi-a-sfax\/","title":{"rendered":"Pourquoi seront-ils tous ce jeudi \u00e0 Sfax"},"content":{"rendered":"<p>Qu\u2019est-ce regroupera ce jeudi 18 avril \u00e0 Sfax toute cette pl\u00e9iade de figures \u00e9conomiques et financi\u00e8res tunisiennes de premier plan. Le plateau est attractif : Marouane El Abassi, Mustapha Kamel Nabli, Abderrazek Zouari, Fay\u00e7al Derbel, Radhi Meddeb, Mongi Rahoui, Khaoula Ben A\u00efcha, Slah Zahaf, Hichem Elloumi, Taieb Bayahi Neji Baccouche, Khaled Sellami et autre Amine Ben Ayed. Ils sont tous les invit\u00e9s du Forum de Fiscalit\u00e9, organis\u00e9 par l\u2019IACE Section de Sfax que pr\u00e9side Ahmed Masmoudi. Th\u00e8me de cette sixi\u00e8me du Forum : <a href=\"\/uploads\/FCK_files\/Note%20Conceptuelle%20(2)(1).pdf\">la fiscalisation de l\u2019\u00e9conomie et la p\u00e9rennit\u00e9 de l\u2019entreprise<\/a>.<\/p>\n<p>La <a href=\"\/uploads\/FCK_files\/Programme(10).pdf\">conf\u00e9rence inaugurale<\/a> sera donn\u00e9e par Mustapha Kamel Nabli qui traitera en \u00ab br\u00e8ves r\u00e9flexions \u00bb des perspectives de sortie de crise. Un premier panel sur l\u2019impact du secteur informel sera introduit par le Pr Faouzi Sbouii, doyen de la facult\u00e9 des Sciences \u00e9conomiques et de Gestion de Mahdia, devant pr\u00e9senter une \u00e9tude sur l\u2019\u00e9tat des lieux. Un second panel est d\u00e9di\u00e9 \u00e0 l\u2019impact de la pression fiscale et sociale sur la p\u00e9rennit\u00e9 de l\u2019entreprise.\u00a0Saoussen Jammoussi (IHEC Sfax) et Aida Ketata (Facult\u00e9 de Droit de Sfax), lanceront les d\u00e9bats \u00e0 partir d\u2019une \u00e9tude sur les r\u00e9formes \u00e0 introduire).<\/p>\n<p>\u00ab Ces deux panels, d\u00e9clare Lassaad Karray, pr\u00e9sident du Forum et pr\u00e9sident du Centre tunisien de la fiscalit\u00e9 de l\u2019Entreprise, permettrons de favoriser un large d\u00e9bat entre les intervenants et les participants. Ce regard crois\u00e9 est tr\u00e8s int\u00e9ressant \u00bb. De son c\u00f4t\u00e9, Ahmed Masmoudi souligne l\u2019importance des th\u00e9matiques choisies et des intervenants invit\u00e9s. \u00ab Le Forum de Sfax, dit-il, fid\u00e8le \u00e0 sa tradition, entend nourrir la r\u00e9flexion des pouvoirs publics et des \u00e9lus de la nation, par des \u00e9tudes approfondies et des propositions concr\u00e8tes, en donnant la parole aux chercheurs sp\u00e9cialis\u00e9s et aux chefs d\u2019entreprise. Cette sixi\u00e8me session sera particuli\u00e8rement distinctive. \u00bb<\/p>\n<p><em><strong>T\u00e9l\u00e9chargez:<\/strong><\/em><\/p>\n<p>Auteur:<br \/>\n<a href=\"https:\/\/www.leaders.com.tn\/article\/26909-pourquoi-seront-ils-tous-ce-jeudi-a-sfax\">Cliquez ici pour lire l&rsquo;article depuis sa source.<\/a><\/p>\n","protected":false},"excerpt":{"rendered":"<p>Qu\u2019est-ce regroupera ce jeudi 18 avril \u00e0 Sfax toute cette pl\u00e9iade de figures \u00e9conomiques et financi\u00e8res tunisiennes de premier plan. Le plateau est attractif : Marouane El Abassi, Mustapha Kamel Nabli, Abderrazek Zouari, Fay\u00e7al Derbel, Radhi Meddeb, Mongi Rahoui, Khaoula Ben A\u00efcha, Slah Zahaf, Hichem Elloumi, Taieb Bayahi Neji Baccouche, Khaled Sellami et autre Amine [&hellip;]<\/p>\n","protected":false},"author":1772,"featured_media":0,"comment_status":"closed","ping_status":"closed","sticky":false,"template":"","format":"standard","meta":{"fifu_image_url":"","fifu_image_alt":"","footnotes":""},"categories":[73,55],"tags":[],"class_list":["post-28210","post","type-post","status-publish","format-standard","hentry","category-actualite","category-tunisie"],"_links":{"self":[{"href":"https:\/\/linitiative.ca\/International\/wp-json\/wp\/v2\/posts\/28210","targetHints":{"allow":["GET"]}}],"collection":[{"href":"https:\/\/linitiative.ca\/International\/wp-json\/wp\/v2\/posts"}],"about":[{"href":"https:\/\/linitiative.ca\/International\/wp-json\/wp\/v2\/types\/post"}],"author":[{"embeddable":true,"href":"https:\/\/linitiative.ca\/International\/wp-json\/wp\/v2\/users\/1772"}],"replies":[{"embeddable":true,"href":"https:\/\/linitiative.ca\/International\/wp-json\/wp\/v2\/comments?post=28210"}],"version-history":[{"count":0,"href":"https:\/\/linitiative.ca\/International\/wp-json\/wp\/v2\/posts\/28210\/revisions"}],"wp:attachment":[{"href":"https:\/\/linitiative.ca\/International\/wp-json\/wp\/v2\/media?parent=28210"}],"wp:term":[{"taxonomy":"category","embeddable":true,"href":"https:\/\/linitiative.ca\/International\/wp-json\/wp\/v2\/categories?post=28210"},{"taxonomy":"post_tag","embeddable":true,"href":"https:\/\/linitiative.ca\/International\/wp-json\/wp\/v2\/tags?post=28210"}],"curies":[{"name":"wp","href":"https:\/\/api.w.org\/{rel}","templated":true}]}}