{"id":28218,"date":"2019-04-16T06:00:00","date_gmt":"2019-04-16T10:00:00","guid":{"rendered":"https:\/\/linitiative.ca\/International\/bouteflika-et-la-jsk\/"},"modified":"2019-04-16T06:00:00","modified_gmt":"2019-04-16T10:00:00","slug":"bouteflika-et-la-jsk","status":"publish","type":"post","link":"https:\/\/linitiative.ca\/International\/bouteflika-et-la-jsk\/","title":{"rendered":"Bouteflika et la JSK"},"content":{"rendered":"<p>Absolument nul en mati\u00e8re de foot \u2014 excuses, agma ! \u2014 je viens de d\u00e9couvrir que jusqu&rsquo;\u00e0 tr\u00e8s tr\u00e8s r\u00e9cemment, Bouteflika \u00e9tait pr\u00e9sident d&rsquo;honneur de la&#8230; JSK. Rien que \u00e7a! Il ne pouvait r\u00eaver meilleur burnous blanc. Certains disent qu&rsquo;il l&rsquo;a \u00e9t\u00e9 depuis 2001 o\u00f9 le pr\u00e9sident du club d&rsquo;alors a offert \u00e0 celui de l\u2019Alg\u00e9rie celle de son club, comme pour s&rsquo;excuser du Printemps noir. D&rsquo;autres disent qu&rsquo;il l&rsquo;a \u00e9t\u00e9 depuis son passage, apr\u00e8s l\u2019ind\u00e9pendance, \u00e0 la t\u00eate du minist\u00e8re de la Jeunesse et des Sports. Dans tous les cas, je tombe de haut. Pas de si haut que lui, mais de haut quand m\u00eame.<br \/>A. T.<br \/>digoutagesoir@yahoo.fr<\/p>\n<p>Auteur:<br \/>\n<a href=\"https:\/\/www.lesoirdalgerie.com\/digoutage\/bouteflika-et-la-jsk-22371\">Cliquez ici pour lire l&rsquo;article depuis sa source.<\/a><\/p>\n","protected":false},"excerpt":{"rendered":"<p>Absolument nul en mati\u00e8re de foot \u2014 excuses, agma ! \u2014 je viens de d\u00e9couvrir que jusqu&rsquo;\u00e0 tr\u00e8s tr\u00e8s r\u00e9cemment, Bouteflika \u00e9tait pr\u00e9sident d&rsquo;honneur de la&#8230; JSK. Rien que \u00e7a! Il ne pouvait r\u00eaver meilleur burnous blanc. Certains disent qu&rsquo;il l&rsquo;a \u00e9t\u00e9 depuis 2001 o\u00f9 le pr\u00e9sident du club d&rsquo;alors a offert \u00e0 celui de [&hellip;]<\/p>\n","protected":false},"author":1741,"featured_media":0,"comment_status":"closed","ping_status":"closed","sticky":false,"template":"","format":"standard","meta":{"fifu_image_url":"","fifu_image_alt":"","footnotes":""},"categories":[73,53],"tags":[],"class_list":["post-28218","post","type-post","status-publish","format-standard","hentry","category-actualite","category-algerie"],"_links":{"self":[{"href":"https:\/\/linitiative.ca\/International\/wp-json\/wp\/v2\/posts\/28218","targetHints":{"allow":["GET"]}}],"collection":[{"href":"https:\/\/linitiative.ca\/International\/wp-json\/wp\/v2\/posts"}],"about":[{"href":"https:\/\/linitiative.ca\/International\/wp-json\/wp\/v2\/types\/post"}],"author":[{"embeddable":true,"href":"https:\/\/linitiative.ca\/International\/wp-json\/wp\/v2\/users\/1741"}],"replies":[{"embeddable":true,"href":"https:\/\/linitiative.ca\/International\/wp-json\/wp\/v2\/comments?post=28218"}],"version-history":[{"count":0,"href":"https:\/\/linitiative.ca\/International\/wp-json\/wp\/v2\/posts\/28218\/revisions"}],"wp:attachment":[{"href":"https:\/\/linitiative.ca\/International\/wp-json\/wp\/v2\/media?parent=28218"}],"wp:term":[{"taxonomy":"category","embeddable":true,"href":"https:\/\/linitiative.ca\/International\/wp-json\/wp\/v2\/categories?post=28218"},{"taxonomy":"post_tag","embeddable":true,"href":"https:\/\/linitiative.ca\/International\/wp-json\/wp\/v2\/tags?post=28218"}],"curies":[{"name":"wp","href":"https:\/\/api.w.org\/{rel}","templated":true}]}}