{"id":28219,"date":"2019-04-16T16:25:08","date_gmt":"2019-04-16T20:25:08","guid":{"rendered":"https:\/\/linitiative.ca\/International\/cyber-securite-les-gros-appetits-du-groupe-orange-sur-le-marche-marocain\/"},"modified":"2019-04-16T16:25:08","modified_gmt":"2019-04-16T20:25:08","slug":"cyber-securite-les-gros-appetits-du-groupe-orange-sur-le-marche-marocain","status":"publish","type":"post","link":"https:\/\/linitiative.ca\/International\/cyber-securite-les-gros-appetits-du-groupe-orange-sur-le-marche-marocain\/","title":{"rendered":"Cyber-s\u00e9curit\u00e9\u00a0: les gros app\u00e9tits du groupe Orange sur le march\u00e9 marocain"},"content":{"rendered":"<p>C\u2019est un secteur en plein boom, et ce, au fur et \u00e0 mesure que le march\u00e9 des <strong>nouvelles technologies<\/strong> explose. Digitalisation, objets connect\u00e9s, big data, cloud \u2026 la transformation digitale apporte en effet son lot de nouvelles probl\u00e9matiques li\u00e9es \u00e0 la s\u00e9curit\u00e9 des donn\u00e9es. Un nouveau march\u00e9 qui ne cesse de monter en puissance depuis quelques ann\u00e9es. Selon les statistiques d\u00e9voil\u00e9es en f\u00e9vrier dernier par des experts en marge du Forum International de la <strong>Cyber-s\u00e9curit\u00e9<\/strong>, qui s\u2019est tenu \u00e0 Lille en France, le march\u00e9 mondial de la cyber-s\u00e9curit\u00e9 a cru de 3,1 milliards d\u2019euros en 2004 \u00e0 67 milliards d\u2019euros en 2015 et devrait m\u00eame atteindre 152 milliards d\u2019euros en 2020.<\/p>\n<div class=\"c10\"\/>\n<p>Surfant sur cette vague, le groupe fran\u00e7ais Orange a r\u00e9cemment cr\u00e9\u00e9 une filiale sp\u00e9cialis\u00e9e dans la cyber-d\u00e9fense, qu\u2019il a install\u00e9e au Maroc. Il s\u2019agit d\u2019<strong>Orange Cyberd\u00e9fense Maroc<\/strong> dont les activit\u00e9s ont \u00e9t\u00e9 officiellement lanc\u00e9es le 16 avril \u00e0 Casablanca. Sp\u00e9cialis\u00e9e dans la s\u00e9curisation des actifs, cette nouvelle entit\u00e9 du groupe entend mettre en \u0153uvre les meilleures pratiques mondiales au service de la protection des infrastructures digitales du Royaume. \u00ab\u00a0Nous sommes sur le march\u00e9 pour accompagner les entreprises sur l\u2019ensemble des services de la cyber-s\u00e9curit\u00e9. Nous avons d\u00e9cid\u00e9 de nous installer au Maroc parce que ce pays repr\u00e9sente pour nous une vitrine pour l\u2019<strong>Afrique<\/strong> et un hub pour adresser l\u2019ensemble des march\u00e9s de l\u2019Afrique francophone\u00a0\u00bb, a expliqu\u00e9 Emmanuel Cheriet, Directeur Orange Cyberd\u00e9fense Maroc.<\/p>\n<p>Pour sa part, Yves Gauthier, Directeur g\u00e9n\u00e9ral d\u2019Orange Maroc, a pr\u00e9cis\u00e9 que la protection des usages num\u00e9riques est une des activit\u00e9s strat\u00e9giques du groupe. \u00ab\u00a0C\u2019est un service suppl\u00e9mentaire que nous proposons \u00e0 nos clients au Maroc pour leur permettre d\u2019amorcer leur transformation digitale en toute s\u00e9r\u00e9nit\u00e9. Nous sommes convaincus de pouvoir imprimer un r\u00e9el <strong>leadership<\/strong> dans le domaine de la s\u00e9curit\u00e9 au Maroc\u00a0\u00bb, a-t-il assur\u00e9.<\/p>\n<p>Des menaces, mais aussi des opportunit\u00e9s<\/p>\n<p>Force est de souligner que la s\u00e9curit\u00e9 des <strong>donn\u00e9es<\/strong> est devenue une hantise pour les entreprises, d\u2019autant plus que de nombreuses attaques ont \u00e9t\u00e9 perp\u00e9tr\u00e9es ces derni\u00e8res ann\u00e9es par les hackers afin d\u2019exiger des ran\u00e7ons. Le virus \u00ab\u00a0Wannacry\u00a0\u00bb qui a s\u00e9vi en 2017, obligeant le groupe Renault \u00e0 arr\u00eater sa production pendant pr\u00e8s de 2 jours, demeure un exemple \u00e9loquent. Il faut savoir aussi qu\u2019en France, plus de 7 PME fran\u00e7aises sur 10 ont d\u00e9j\u00e0 \u00e9t\u00e9 la cible d\u2019une cyber-attaque.<\/p>\n<p>Ainsi, en vue de r\u00e9pondre efficacement \u00e0 ses nouveaux enjeux des entreprises, Orange Cyberd\u00e9fense Maroc entend s\u2019entourer des meilleurs profils en la mati\u00e8re. D\u2019ici 2020, l\u2019<strong>entreprise<\/strong> devrait en effet recruter une cinquantaine d\u2019experts en cyber-s\u00e9curit\u00e9. \u00ab\u00a0Nous nous appuierons notamment sur une capacit\u00e9 de supervision d\u2019envergure gr\u00e2ce \u00e0 nos outils de Security Operations Centers qui sont r\u00e9partis \u00e0 travers le monde afin d\u2019assurer une surveillance 24\/24 et 7 jours sur 7. Nous allons \u00e9galement investir dans le domaine de la formation avec le tissu acad\u00e9mique marocain afin d\u2019assurer le meilleur niveau d\u2019expertise\u00a0\u00bb, a fait savoir Emmanuel Cheriet.<\/p>\n<p>Il a ajout\u00e9 que l\u2019ambition de la nouvelle filiale est d\u2019\u00eatre le leader de la cyber-s\u00e9curit\u00e9 sur le march\u00e9 marocain d\u2019ici 2021. Notons que l\u2019entreprise cible tous les secteurs d\u2019activit\u00e9, de la banque en passant par les assurances jusqu\u2019\u00e0 l\u2019offshoring. Pour r\u00e9ussir ce challenge, Orange Cyberd\u00e9fense Maroc a plusieurs approches. \u00ab Nous allons dans un premier temps \u00eatre sur des solutions sur-mesure qui s\u2019adressent plut\u00f4t aux grandes entreprises. Et ensuite, nous allons travailler avec l\u2019op\u00e9rateur <strong>Orange Maroc<\/strong> pour essayer de trouver des solutions moins co\u00fbteuses et qui s\u2019adresseront \u00e0 tout autre type d\u2019entreprise du march\u00e9. C\u2019est un objectif \u00e0 moyen terme sur lequel nous travaillons d\u00e9j\u00e0 avec Orange Maroc. C\u2019est de cette fa\u00e7on que nous r\u00e9ussiront \u00e0 toucher les plus petites entreprises\u00a0\u00bb, a-t-il conclu.<\/p>\n<div class=\"c17\">\n<fieldset class=\"c16\">\n<legend><strong><span class=\"c11\">Challenge<\/span><span class=\"c12\">news<\/span><\/strong><\/legend>\n<div class=\"c15\">Le meilleur de la r\u00e9daction s\u00e9lectionn\u00e9 par Challenge :<\/p>\n<\/div>\n<\/fieldset>\n<\/div>\n<p>Auteur: Roland Amoussou<br \/>\n<a href=\"https:\/\/www.challenge.ma\/cyber-securite-les-gros-appetits-du-groupe-orange-sur-le-marche-marocain-107758\/\">Cliquez ici pour lire l&rsquo;article depuis sa source.<\/a><\/p>\n","protected":false},"excerpt":{"rendered":"<p>C\u2019est un secteur en plein boom, et ce, au fur et \u00e0 mesure que le march\u00e9 des nouvelles technologies explose. Digitalisation, objets connect\u00e9s, big data, cloud \u2026 la transformation digitale apporte en effet son lot de nouvelles probl\u00e9matiques li\u00e9es \u00e0 la s\u00e9curit\u00e9 des donn\u00e9es. Un nouveau march\u00e9 qui ne cesse de monter en puissance depuis [&hellip;]<\/p>\n","protected":false},"author":1787,"featured_media":0,"comment_status":"closed","ping_status":"closed","sticky":false,"template":"","format":"standard","meta":{"fifu_image_url":"","fifu_image_alt":"","footnotes":""},"categories":[78,54],"tags":[],"class_list":["post-28219","post","type-post","status-publish","format-standard","hentry","category-economie","category-maroc"],"_links":{"self":[{"href":"https:\/\/linitiative.ca\/International\/wp-json\/wp\/v2\/posts\/28219","targetHints":{"allow":["GET"]}}],"collection":[{"href":"https:\/\/linitiative.ca\/International\/wp-json\/wp\/v2\/posts"}],"about":[{"href":"https:\/\/linitiative.ca\/International\/wp-json\/wp\/v2\/types\/post"}],"author":[{"embeddable":true,"href":"https:\/\/linitiative.ca\/International\/wp-json\/wp\/v2\/users\/1787"}],"replies":[{"embeddable":true,"href":"https:\/\/linitiative.ca\/International\/wp-json\/wp\/v2\/comments?post=28219"}],"version-history":[{"count":0,"href":"https:\/\/linitiative.ca\/International\/wp-json\/wp\/v2\/posts\/28219\/revisions"}],"wp:attachment":[{"href":"https:\/\/linitiative.ca\/International\/wp-json\/wp\/v2\/media?parent=28219"}],"wp:term":[{"taxonomy":"category","embeddable":true,"href":"https:\/\/linitiative.ca\/International\/wp-json\/wp\/v2\/categories?post=28219"},{"taxonomy":"post_tag","embeddable":true,"href":"https:\/\/linitiative.ca\/International\/wp-json\/wp\/v2\/tags?post=28219"}],"curies":[{"name":"wp","href":"https:\/\/api.w.org\/{rel}","templated":true}]}}