{"id":28233,"date":"2019-04-16T15:11:29","date_gmt":"2019-04-16T19:11:29","guid":{"rendered":"https:\/\/linitiative.ca\/International\/ca-reprise-des-entrainements-et-darragi-au-rendez-vous\/"},"modified":"2019-04-16T15:11:29","modified_gmt":"2019-04-16T19:11:29","slug":"ca-reprise-des-entrainements-et-darragi-au-rendez-vous","status":"publish","type":"post","link":"https:\/\/linitiative.ca\/International\/ca-reprise-des-entrainements-et-darragi-au-rendez-vous\/","title":{"rendered":"CA : Reprise des entra\u00eenements et Darragi au rendez-vous"},"content":{"rendered":"<div class=\"nc_socialPanel swp_flatFresh swp_d_fullColor swp_i_fullColor swp_o_fullColor scale-100 scale-fullWidth\" data-position=\"none\" data-float=\"floatNone\" data-count=\"5\" data-floatcolor=\"#ffffff\" data-emphasize=\"0\">\n<div class=\"nc_tweetContainer totes totesalt\" data-id=\"6\"><span class=\"swp_count\"><span class=\"swp_label\">Partages<\/span> 1<\/span><\/div>\n<\/div>\n<p>Le Club Africain a repris l\u2019entra\u00eenement ce mardi apr\u00e8s avoir fait b\u00e9n\u00e9ficier tous les joueurs d\u2019une journ\u00e9e de repos\u00a0suite \u00e0 la magnifique victoire contre le CA Bizertin (1-2).<\/p>\n<p>La premi\u00e8re s\u00e9ance d\u2019entra\u00eenement de ce mardi a enregistr\u00e9 le retour du milieu\u00a0de terrain Oussama Darragi qui ar r\u00e9cup\u00e9r\u00e9 de sa blessure. Indisponible depuis un temps,\u00a0Darragi\u00a0a fait l\u2019entra\u00eenement d\u2019une fa\u00e7on individuelle afin de\u00a0retrouver sa forme physique.<\/p>\n<div class=\"code-block code-block-1 c4\"><ins class=\"adsbygoogle c3\" data-ad-layout=\"in-article\" data-ad-format=\"fluid\" data-ad-client=\"ca-pub-2102118777505746\" data-ad-slot=\"7301775417\"\/> <\/div>\n<p>Toujours dans la course vers la 4\u00e8me place, l\u2019\u00e9quipe de Bab\u00a0Jedid\u00a0affrontera, samedi (15h00), l\u2019US Ben\u00a0Guerdane\u00a0dans le cadre de la 20\u00e8me journ\u00e9e de Ligue 1.<\/p>\n<div class=\"mvp-org-wrap mvp-org-logo\" itemprop=\"publisher\" itemscope=\"\" itemtype=\"https:\/\/schema.org\/Organization\"><img decoding=\"async\" src=\"https:\/\/sport.tunisienumerique.com\/wp-content\/uploads\/2017\/05\/logo_tunisie_numerique.png\"\/><\/div>\n<div class=\"nc_socialPanel swp_flatFresh swp_d_fullColor swp_i_fullColor swp_o_fullColor scale-100 scale-fullWidth\" data-position=\"none\" data-float=\"floatNone\" data-count=\"5\" data-floatcolor=\"#ffffff\" data-emphasize=\"0\">\n<div class=\"nc_tweetContainer totes totesalt\" data-id=\"6\"><span class=\"swp_count\"><span class=\"swp_label\">Partages<\/span> 1<\/span><\/div>\n<\/div>\n<div class=\"mvp-related-posts left relative\">\n<h4 class=\"post-header\"><span class=\"post-header\">Lire aussi<\/span><\/h4>\n<\/div>\n<p>Auteur: a.<br \/>\n<a href=\"https:\/\/sport.tunisienumerique.com\/ca-reprise-entrainements-darragi-rendez\/\">Cliquez ici pour lire l&rsquo;article depuis sa source.<\/a><\/p>\n","protected":false},"excerpt":{"rendered":"<p>Partages 1 Le Club Africain a repris l\u2019entra\u00eenement ce mardi apr\u00e8s avoir fait b\u00e9n\u00e9ficier tous les joueurs d\u2019une journ\u00e9e de repos\u00a0suite \u00e0 la magnifique victoire contre le CA Bizertin (1-2). La premi\u00e8re s\u00e9ance d\u2019entra\u00eenement de ce mardi a enregistr\u00e9 le retour du milieu\u00a0de terrain Oussama Darragi qui ar r\u00e9cup\u00e9r\u00e9 de sa blessure. Indisponible depuis un [&hellip;]<\/p>\n","protected":false},"author":1789,"featured_media":28234,"comment_status":"closed","ping_status":"closed","sticky":false,"template":"","format":"standard","meta":{"fifu_image_url":"","fifu_image_alt":"","footnotes":""},"categories":[73,55],"tags":[],"class_list":["post-28233","post","type-post","status-publish","format-standard","has-post-thumbnail","hentry","category-actualite","category-tunisie"],"_links":{"self":[{"href":"https:\/\/linitiative.ca\/International\/wp-json\/wp\/v2\/posts\/28233","targetHints":{"allow":["GET"]}}],"collection":[{"href":"https:\/\/linitiative.ca\/International\/wp-json\/wp\/v2\/posts"}],"about":[{"href":"https:\/\/linitiative.ca\/International\/wp-json\/wp\/v2\/types\/post"}],"author":[{"embeddable":true,"href":"https:\/\/linitiative.ca\/International\/wp-json\/wp\/v2\/users\/1789"}],"replies":[{"embeddable":true,"href":"https:\/\/linitiative.ca\/International\/wp-json\/wp\/v2\/comments?post=28233"}],"version-history":[{"count":0,"href":"https:\/\/linitiative.ca\/International\/wp-json\/wp\/v2\/posts\/28233\/revisions"}],"wp:featuredmedia":[{"embeddable":true,"href":"https:\/\/linitiative.ca\/International\/wp-json\/"}],"wp:attachment":[{"href":"https:\/\/linitiative.ca\/International\/wp-json\/wp\/v2\/media?parent=28233"}],"wp:term":[{"taxonomy":"category","embeddable":true,"href":"https:\/\/linitiative.ca\/International\/wp-json\/wp\/v2\/categories?post=28233"},{"taxonomy":"post_tag","embeddable":true,"href":"https:\/\/linitiative.ca\/International\/wp-json\/wp\/v2\/tags?post=28233"}],"curies":[{"name":"wp","href":"https:\/\/api.w.org\/{rel}","templated":true}]}}