{"id":28235,"date":"2019-04-16T16:39:08","date_gmt":"2019-04-16T20:39:08","guid":{"rendered":"https:\/\/linitiative.ca\/International\/tunisie-fourati-met-en-garde-contre-linfiltration-delements-terroristes-a-partir-de-la-libye\/"},"modified":"2019-04-16T16:39:08","modified_gmt":"2019-04-16T20:39:08","slug":"tunisie-fourati-met-en-garde-contre-linfiltration-delements-terroristes-a-partir-de-la-libye","status":"publish","type":"post","link":"https:\/\/linitiative.ca\/International\/tunisie-fourati-met-en-garde-contre-linfiltration-delements-terroristes-a-partir-de-la-libye\/","title":{"rendered":"Tunisie \u2013 Fourati met en garde contre l\u2019infiltration d\u2019\u00e9l\u00e9ments terroristes \u00e0 partir de la Libye"},"content":{"rendered":"<div class=\"post-cont-in left relative\">\n<div class=\"nc_socialPanel swp_flatFresh swp_d_fullColor swp_i_fullColor swp_o_fullColor scale-100 scale-fullWidth\" data-position=\"none\" data-float=\"floatNone\" data-count=\"5\" data-floatcolor=\"#ffffff\" data-emphasize=\"0\">\n<div class=\"nc_tweetContainer totes totesalt\" data-id=\"6\"><span class=\"swp_count\"><span class=\"swp_label\">Partages<\/span> 14<\/span><\/div>\n<\/div>\n<p>Le ministre de l\u2019int\u00e9rieur, Hichem Fourati, a averti, ce mardi, ses troupes, lors d\u2019une visite au gouvernorat de M\u00e9denine, de l\u2019\u00e9ventualit\u00e9 d\u2019infiltration d\u2019\u00e9l\u00e9ments terroristes \u00e0 partir du territoire libyen. Il a expliqu\u00e9 que ces terroristes pouvaient tenter de passer \u00e0 travers les passages frontaliers, \u00e0 l\u2019aide de passeports falsifi\u00e9s.<\/p>\n<div class=\"mvp-org-wrap mvp-org-logo\" itemprop=\"publisher\" itemscope=\"\" itemtype=\"https:\/\/schema.org\/Organization\"><img decoding=\"async\" src=\"https:\/\/www.tunisienumerique.com\/wp-content\/uploads\/2017\/02\/logo_tunisie_numerique.png\"\/><\/div>\n<div class=\"nc_socialPanel swp_flatFresh swp_d_fullColor swp_i_fullColor swp_o_fullColor scale-100 scale-fullWidth\" data-position=\"none\" data-float=\"floatNone\" data-count=\"5\" data-floatcolor=\"#ffffff\" data-emphasize=\"0\">\n<div class=\"nc_tweetContainer totes totesalt\" data-id=\"6\"><span class=\"swp_count\"><span class=\"swp_label\">Partages<\/span> 14<\/span><\/div>\n<\/div>\n<div class=\"mvp-related-posts left relative\">\n<h4 class=\"post-header\"><span class=\"post-header\">Lire aussi<\/span><\/h4>\n<\/div>\n<\/div>\n<p>Auteur: LM<br \/>\n<a href=\"https:\/\/www.tunisienumerique.com\/tunisie-fourati-met-en-garde-contre-linfiltration-delements-terroristes-a-partir-de-la-libye\/\">Cliquez ici pour lire l&rsquo;article depuis sa source.<\/a><\/p>\n","protected":false},"excerpt":{"rendered":"<p>Partages 14 Le ministre de l\u2019int\u00e9rieur, Hichem Fourati, a averti, ce mardi, ses troupes, lors d\u2019une visite au gouvernorat de M\u00e9denine, de l\u2019\u00e9ventualit\u00e9 d\u2019infiltration d\u2019\u00e9l\u00e9ments terroristes \u00e0 partir du territoire libyen. Il a expliqu\u00e9 que ces terroristes pouvaient tenter de passer \u00e0 travers les passages frontaliers, \u00e0 l\u2019aide de passeports falsifi\u00e9s. Partages 14 Lire aussi [&hellip;]<\/p>\n","protected":false},"author":1789,"featured_media":28236,"comment_status":"closed","ping_status":"closed","sticky":false,"template":"","format":"standard","meta":{"fifu_image_url":"","fifu_image_alt":"","footnotes":""},"categories":[73,55],"tags":[],"class_list":["post-28235","post","type-post","status-publish","format-standard","has-post-thumbnail","hentry","category-actualite","category-tunisie"],"_links":{"self":[{"href":"https:\/\/linitiative.ca\/International\/wp-json\/wp\/v2\/posts\/28235","targetHints":{"allow":["GET"]}}],"collection":[{"href":"https:\/\/linitiative.ca\/International\/wp-json\/wp\/v2\/posts"}],"about":[{"href":"https:\/\/linitiative.ca\/International\/wp-json\/wp\/v2\/types\/post"}],"author":[{"embeddable":true,"href":"https:\/\/linitiative.ca\/International\/wp-json\/wp\/v2\/users\/1789"}],"replies":[{"embeddable":true,"href":"https:\/\/linitiative.ca\/International\/wp-json\/wp\/v2\/comments?post=28235"}],"version-history":[{"count":0,"href":"https:\/\/linitiative.ca\/International\/wp-json\/wp\/v2\/posts\/28235\/revisions"}],"wp:featuredmedia":[{"embeddable":true,"href":"https:\/\/linitiative.ca\/International\/wp-json\/"}],"wp:attachment":[{"href":"https:\/\/linitiative.ca\/International\/wp-json\/wp\/v2\/media?parent=28235"}],"wp:term":[{"taxonomy":"category","embeddable":true,"href":"https:\/\/linitiative.ca\/International\/wp-json\/wp\/v2\/categories?post=28235"},{"taxonomy":"post_tag","embeddable":true,"href":"https:\/\/linitiative.ca\/International\/wp-json\/wp\/v2\/tags?post=28235"}],"curies":[{"name":"wp","href":"https:\/\/api.w.org\/{rel}","templated":true}]}}