{"id":28237,"date":"2019-04-16T16:50:41","date_gmt":"2019-04-16T20:50:41","guid":{"rendered":"https:\/\/linitiative.ca\/International\/la-qatar-veut-imposer-un-embargo-darmes-sur-haftar\/"},"modified":"2019-04-16T16:50:41","modified_gmt":"2019-04-16T20:50:41","slug":"la-qatar-veut-imposer-un-embargo-darmes-sur-haftar","status":"publish","type":"post","link":"https:\/\/linitiative.ca\/International\/la-qatar-veut-imposer-un-embargo-darmes-sur-haftar\/","title":{"rendered":"La Qatar veut imposer un embargo d\u2019armes sur Haftar"},"content":{"rendered":"<div class=\"post-cont-in left relative\">\n<div class=\"nc_socialPanel swp_flatFresh swp_d_fullColor swp_i_fullColor swp_o_fullColor scale-100 scale-fullWidth\" data-position=\"none\" data-float=\"floatNone\" data-count=\"5\" data-floatcolor=\"#ffffff\" data-emphasize=\"0\">\n<div class=\"nc_tweetContainer totes totesalt\" data-id=\"6\"><span class=\"swp_count\"><span class=\"swp_label\">Partages<\/span> 5<\/span><\/div>\n<\/div>\n<p>Le Qatar accourt au secours de ses prot\u00e9g\u00e9s, les repr\u00e9sentants des fr\u00e8res musulmans libyens, qui contr\u00f4lent la r\u00e9gion de Tripoli, et soumis, depuis quelques jours \u00e0 une pression \u00e9norme suite \u00e0 une offensive lanc\u00e9e contre eux par l\u2019arm\u00e9e libyenne conduite par Haftar.<\/p>\n<p>Selon le quotidien italien \u00ab\u00a0La Republica\u00a0\u00bb, le ministre des affaires \u00e9trang\u00e8res qatari aurait plaid\u00e9 aupr\u00e8s des pays europ\u00e9ens, d\u2019appliquer un embargo de vente d\u2019armes au profit du g\u00e9n\u00e9ral Haftar, et de l\u2019obliger \u00e0 se retirer des territoires qu\u2019il a investi ces derniers jours.<\/p>\n<div class=\"code-block code-block-1 c3\"><ins class=\"adsbygoogle c2\" data-ad-layout=\"in-article\" data-ad-format=\"fluid\" data-ad-client=\"ca-pub-2102118777505746\" data-ad-slot=\"7301775417\"\/> <\/div>\n<div class=\"mvp-org-wrap mvp-org-logo\" itemprop=\"publisher\" itemscope=\"\" itemtype=\"https:\/\/schema.org\/Organization\"><img decoding=\"async\" src=\"https:\/\/www.tunisienumerique.com\/wp-content\/uploads\/2017\/02\/logo_tunisie_numerique.png\"\/><\/div>\n<div class=\"nc_socialPanel swp_flatFresh swp_d_fullColor swp_i_fullColor swp_o_fullColor scale-100 scale-fullWidth\" data-position=\"none\" data-float=\"floatNone\" data-count=\"5\" data-floatcolor=\"#ffffff\" data-emphasize=\"0\">\n<div class=\"nc_tweetContainer totes totesalt\" data-id=\"6\"><span class=\"swp_count\"><span class=\"swp_label\">Partages<\/span> 5<\/span><\/div>\n<\/div>\n<div class=\"mvp-related-posts left relative\">\n<h4 class=\"post-header\"><span class=\"post-header\">Lire aussi<\/span><\/h4>\n<\/div>\n<\/div>\n<p>Auteur: LM<br \/>\n<a href=\"https:\/\/www.tunisienumerique.com\/la-qatar-veut-imposer-un-embargo-darmes-sur-haftar\/\">Cliquez ici pour lire l&rsquo;article depuis sa source.<\/a><\/p>\n","protected":false},"excerpt":{"rendered":"<p>Partages 5 Le Qatar accourt au secours de ses prot\u00e9g\u00e9s, les repr\u00e9sentants des fr\u00e8res musulmans libyens, qui contr\u00f4lent la r\u00e9gion de Tripoli, et soumis, depuis quelques jours \u00e0 une pression \u00e9norme suite \u00e0 une offensive lanc\u00e9e contre eux par l\u2019arm\u00e9e libyenne conduite par Haftar. Selon le quotidien italien \u00ab\u00a0La Republica\u00a0\u00bb, le ministre des affaires \u00e9trang\u00e8res [&hellip;]<\/p>\n","protected":false},"author":1789,"featured_media":28238,"comment_status":"closed","ping_status":"closed","sticky":false,"template":"","format":"standard","meta":{"fifu_image_url":"","fifu_image_alt":"","footnotes":""},"categories":[73,55],"tags":[],"class_list":["post-28237","post","type-post","status-publish","format-standard","has-post-thumbnail","hentry","category-actualite","category-tunisie"],"_links":{"self":[{"href":"https:\/\/linitiative.ca\/International\/wp-json\/wp\/v2\/posts\/28237","targetHints":{"allow":["GET"]}}],"collection":[{"href":"https:\/\/linitiative.ca\/International\/wp-json\/wp\/v2\/posts"}],"about":[{"href":"https:\/\/linitiative.ca\/International\/wp-json\/wp\/v2\/types\/post"}],"author":[{"embeddable":true,"href":"https:\/\/linitiative.ca\/International\/wp-json\/wp\/v2\/users\/1789"}],"replies":[{"embeddable":true,"href":"https:\/\/linitiative.ca\/International\/wp-json\/wp\/v2\/comments?post=28237"}],"version-history":[{"count":0,"href":"https:\/\/linitiative.ca\/International\/wp-json\/wp\/v2\/posts\/28237\/revisions"}],"wp:featuredmedia":[{"embeddable":true,"href":"https:\/\/linitiative.ca\/International\/wp-json\/"}],"wp:attachment":[{"href":"https:\/\/linitiative.ca\/International\/wp-json\/wp\/v2\/media?parent=28237"}],"wp:term":[{"taxonomy":"category","embeddable":true,"href":"https:\/\/linitiative.ca\/International\/wp-json\/wp\/v2\/categories?post=28237"},{"taxonomy":"post_tag","embeddable":true,"href":"https:\/\/linitiative.ca\/International\/wp-json\/wp\/v2\/tags?post=28237"}],"curies":[{"name":"wp","href":"https:\/\/api.w.org\/{rel}","templated":true}]}}