{"id":28239,"date":"2019-04-16T16:58:45","date_gmt":"2019-04-16T20:58:45","guid":{"rendered":"https:\/\/linitiative.ca\/International\/tunisie-siliana-crash-dun-avion-depandage-de-produits-agricoles\/"},"modified":"2019-04-16T16:58:45","modified_gmt":"2019-04-16T20:58:45","slug":"tunisie-siliana-crash-dun-avion-depandage-de-produits-agricoles","status":"publish","type":"post","link":"https:\/\/linitiative.ca\/International\/tunisie-siliana-crash-dun-avion-depandage-de-produits-agricoles\/","title":{"rendered":"Tunisie \u2013 Siliana\u00a0: Crash d\u2019un avion d\u2019\u00e9pandage de produits agricoles"},"content":{"rendered":"<div class=\"feat-widget-wrap left relative\" readability=\"9\"><a href=\"https:\/\/www.tunisienumerique.com\/tunisie-tourisme-ce-nest-pas-ce-quon-attendait-de-rene-trabelsi-ni-ce-quil-a-lhabitude-de-faire\/\"\/><\/p>\n<div class=\"feat-widget-img left relative\"><img loading=\"lazy\" decoding=\"async\" width=\"300\" height=\"180\" src=\"https:\/\/www.tunisienumerique.com\/wp-content\/uploads\/2019\/04\/rene-300x180.jpg\" class=\"reg-img wp-post-image\" alt=\"\"\/><img loading=\"lazy\" decoding=\"async\" width=\"80\" height=\"80\" src=\"https:\/\/www.tunisienumerique.com\/wp-content\/uploads\/2019\/04\/rene-80x80.jpg\" class=\"mob-img wp-post-image\" alt=\"\"\/><\/p>\n<p><span class=\"feat-info-text\">7.3K<\/span><\/p>\n<\/div>\n<p><span class=\"side-list-cat\">\u00a0<\/span><\/p>\n<h2>Tunisie \u2013 Tourisme\u00a0: Ce n\u2019est pas ce qu\u2019on attendait de Ren\u00e9 Trabelsi, ni ce qu\u2019il a l\u2019habitude de faire<\/h2>\n<\/p>\n<\/div>\n<div class=\"feat-widget-wrap left relative\" readability=\"8\"><a href=\"https:\/\/www.tunisienumerique.com\/tunisie-reouverture-de-la-route-du-pont-mobile-a-bizerte-apres-un-intervention-musclee-des-unites-de-securite\/\"\/><\/p>\n<div class=\"feat-widget-img left relative\"><img loading=\"lazy\" decoding=\"async\" width=\"300\" height=\"180\" src=\"https:\/\/www.tunisienumerique.com\/wp-content\/uploads\/2019\/04\/pegg-300x180.jpg\" class=\"reg-img wp-post-image\" alt=\"\" srcset=\"https:\/\/www.tunisienumerique.com\/wp-content\/uploads\/2019\/04\/pegg-300x180.jpg 300w, https:\/\/www.tunisienumerique.com\/wp-content\/uploads\/2019\/04\/pegg-450x270.jpg 450w\" sizes=\"auto, (max-width: 300px) 100vw, 300px\"\/><img loading=\"lazy\" decoding=\"async\" width=\"80\" height=\"80\" src=\"https:\/\/www.tunisienumerique.com\/wp-content\/uploads\/2019\/04\/pegg-80x80.jpg\" class=\"mob-img wp-post-image\" alt=\"\"\/><\/p>\n<p><span class=\"feat-info-text\">3.4K<\/span><\/p>\n<\/div>\n<p><span class=\"side-list-cat\">\u00a0<\/span><\/p>\n<h2>Tunisie: R\u00e9ouverture de la route du pont mobile \u00e0 Bizerte apr\u00e8s un intervention muscl\u00e9e des unit\u00e9s de s\u00e9curit\u00e9<\/h2>\n<\/p>\n<\/div>\n<div class=\"feat-widget-wrap left relative\" readability=\"9\"><a href=\"https:\/\/www.tunisienumerique.com\/tunisie-video-dun-petit-enfant-lors-dune-soiree-arrosee-intervention-du-parquet-general\/\"\/><\/p>\n<div class=\"feat-widget-img left relative\"><img loading=\"lazy\" decoding=\"async\" width=\"300\" height=\"180\" src=\"https:\/\/www.tunisienumerique.com\/wp-content\/uploads\/2019\/04\/fresn-300x180.jpg\" class=\"reg-img wp-post-image\" alt=\"\" srcset=\"https:\/\/www.tunisienumerique.com\/wp-content\/uploads\/2019\/04\/fresn-300x180.jpg 300w, https:\/\/www.tunisienumerique.com\/wp-content\/uploads\/2019\/04\/fresn-450x270.jpg 450w\" sizes=\"auto, (max-width: 300px) 100vw, 300px\"\/><img loading=\"lazy\" decoding=\"async\" width=\"80\" height=\"80\" src=\"https:\/\/www.tunisienumerique.com\/wp-content\/uploads\/2019\/04\/fresn-80x80.jpg\" class=\"mob-img wp-post-image\" alt=\"\"\/><\/p>\n<p><span class=\"feat-info-text\">3.2K<\/span><\/p>\n<\/div>\n<p><span class=\"side-list-cat\">Societe<\/span><\/p>\n<h2>Tunisie: Vid\u00e9o d\u2019un petit enfant lors d\u2019une soir\u00e9e arros\u00e9e, intervention du parquet g\u00e9n\u00e9ral<\/h2>\n<\/p>\n<\/div>\n<div class=\"feat-widget-wrap left relative\" readability=\"8\"><a href=\"https:\/\/www.tunisienumerique.com\/tunisie-incendie-de-la-cathedrale-de-notre-dame-de-paris-reaction-dennahdha\/\"\/><\/p>\n<div class=\"feat-widget-img left relative\"><img loading=\"lazy\" decoding=\"async\" width=\"300\" height=\"180\" src=\"https:\/\/www.tunisienumerique.com\/wp-content\/uploads\/2019\/04\/dreza-300x180.jpg\" class=\"reg-img wp-post-image\" alt=\"\" srcset=\"https:\/\/www.tunisienumerique.com\/wp-content\/uploads\/2019\/04\/dreza-300x180.jpg 300w, https:\/\/www.tunisienumerique.com\/wp-content\/uploads\/2019\/04\/dreza-450x270.jpg 450w\" sizes=\"auto, (max-width: 300px) 100vw, 300px\"\/><img loading=\"lazy\" decoding=\"async\" width=\"80\" height=\"80\" src=\"https:\/\/www.tunisienumerique.com\/wp-content\/uploads\/2019\/04\/dreza-80x80.jpg\" class=\"mob-img wp-post-image\" alt=\"\"\/><\/p>\n<p><span class=\"feat-info-text\">2.9K<\/span><\/p>\n<\/div>\n<p><span class=\"side-list-cat\">Politique<\/span><\/p>\n<h2>Tunisie: Incendie de la cath\u00e9drale de Notre-Dame de Paris, r\u00e9action d\u2019Ennahdha<\/h2>\n<\/p>\n<\/div>\n<div class=\"feat-widget-wrap left relative\" readability=\"7\"><a href=\"https:\/\/www.tunisienumerique.com\/tunisie-le-jeune-homme-daffaires-karim-kilani-nest-plus\/\"\/><\/p>\n<div class=\"feat-widget-img left relative\"><img loading=\"lazy\" decoding=\"async\" width=\"300\" height=\"180\" src=\"https:\/\/www.tunisienumerique.com\/wp-content\/uploads\/2019\/04\/karim_kilani_1555425074-300x180.jpg\" class=\"reg-img wp-post-image\" alt=\"\" srcset=\"https:\/\/www.tunisienumerique.com\/wp-content\/uploads\/2019\/04\/karim_kilani_1555425074-300x180.jpg 300w, https:\/\/www.tunisienumerique.com\/wp-content\/uploads\/2019\/04\/karim_kilani_1555425074-450x270.jpg 450w\" sizes=\"auto, (max-width: 300px) 100vw, 300px\"\/><img loading=\"lazy\" decoding=\"async\" width=\"80\" height=\"80\" src=\"https:\/\/www.tunisienumerique.com\/wp-content\/uploads\/2019\/04\/karim_kilani_1555425074-80x80.jpg\" class=\"mob-img wp-post-image\" alt=\"\"\/><\/p>\n<p><span class=\"feat-info-text\">2.9K<\/span><\/p>\n<\/div>\n<p><span class=\"side-list-cat\">Societe<\/span><\/p>\n<h2>Tunisie- Le jeune homme d\u2019affaires Karim Kilani n\u2019est plus<\/h2>\n<\/p>\n<\/div>\n<div class=\"feat-widget-wrap left relative\" readability=\"7\"><a href=\"https:\/\/www.tunisienumerique.com\/libye-174-morts-et-641-blesses-dans-les-combats-de-tripoli\/\"\/><\/p>\n<div class=\"feat-widget-img left relative\"><img loading=\"lazy\" decoding=\"async\" width=\"300\" height=\"180\" src=\"https:\/\/www.tunisienumerique.com\/wp-content\/uploads\/2019\/04\/gring-300x180.jpg\" class=\"reg-img wp-post-image\" alt=\"\" srcset=\"https:\/\/www.tunisienumerique.com\/wp-content\/uploads\/2019\/04\/gring-300x180.jpg 300w, https:\/\/www.tunisienumerique.com\/wp-content\/uploads\/2019\/04\/gring-450x270.jpg 450w\" sizes=\"auto, (max-width: 300px) 100vw, 300px\"\/><img loading=\"lazy\" decoding=\"async\" width=\"80\" height=\"80\" src=\"https:\/\/www.tunisienumerique.com\/wp-content\/uploads\/2019\/04\/gring-80x80.jpg\" class=\"mob-img wp-post-image\" alt=\"\"\/><\/p>\n<p><span class=\"feat-info-text\">2.9K<\/span><\/p>\n<\/div>\n<p><span class=\"side-list-cat\">Monde<\/span><\/p>\n<h2>Libye: 174 morts et 641 bless\u00e9s dans les combats de Tripoli<\/h2>\n<\/p>\n<\/div>\n<div class=\"feat-widget-wrap left relative\" readability=\"7\"><a href=\"https:\/\/www.tunisienumerique.com\/tunisie-hafedh-caid-essebsi-directeur-du-comite-central-de-nidaa\/\"\/><\/p>\n<div class=\"feat-widget-img left relative\"><img loading=\"lazy\" decoding=\"async\" width=\"300\" height=\"180\" src=\"https:\/\/www.tunisienumerique.com\/wp-content\/uploads\/2019\/04\/vindi-300x180.jpg\" class=\"reg-img wp-post-image\" alt=\"\" srcset=\"https:\/\/www.tunisienumerique.com\/wp-content\/uploads\/2019\/04\/vindi-300x180.jpg 300w, https:\/\/www.tunisienumerique.com\/wp-content\/uploads\/2019\/04\/vindi-450x270.jpg 450w\" sizes=\"auto, (max-width: 300px) 100vw, 300px\"\/><img loading=\"lazy\" decoding=\"async\" width=\"80\" height=\"80\" src=\"https:\/\/www.tunisienumerique.com\/wp-content\/uploads\/2019\/04\/vindi-80x80.jpg\" class=\"mob-img wp-post-image\" alt=\"\"\/><\/p>\n<p><span class=\"feat-info-text\">2.6K<\/span><\/p>\n<\/div>\n<p><span class=\"side-list-cat\">Politique<\/span><\/p>\n<h2>Tunisie: Hafedh Ca\u00efd Essebsi directeur du comit\u00e9 central de Nidaa<\/h2>\n<\/p>\n<\/div>\n<div class=\"feat-widget-wrap left relative\" readability=\"8\"><a href=\"https:\/\/www.tunisienumerique.com\/tunisie-soufiene-toubal-devoile-lexistence-de-contacts-avec-machrou-tounes-et-tahya-tounes-pour-constituer-un-front\/\"\/><\/p>\n<div class=\"feat-widget-img left relative\"><img loading=\"lazy\" decoding=\"async\" width=\"300\" height=\"180\" src=\"https:\/\/www.tunisienumerique.com\/wp-content\/uploads\/2019\/04\/fadol-300x180.jpg\" class=\"reg-img wp-post-image\" alt=\"\" srcset=\"https:\/\/www.tunisienumerique.com\/wp-content\/uploads\/2019\/04\/fadol-300x180.jpg 300w, https:\/\/www.tunisienumerique.com\/wp-content\/uploads\/2019\/04\/fadol-450x270.jpg 450w\" sizes=\"auto, (max-width: 300px) 100vw, 300px\"\/><img loading=\"lazy\" decoding=\"async\" width=\"80\" height=\"80\" src=\"https:\/\/www.tunisienumerique.com\/wp-content\/uploads\/2019\/04\/fadol-80x80.jpg\" class=\"mob-img wp-post-image\" alt=\"\"\/><\/p>\n<p><span class=\"feat-info-text\">2.1K<\/span><\/p>\n<\/div>\n<p><span class=\"side-list-cat\">\u00a0<\/span><\/p>\n<h2>Tunisie: Soufi\u00e8ne Toubel d\u00e9voile l\u2019existence de contacts avec Machrou Tounes et Tahya Tounes pour constituer un Front<\/h2>\n<\/p>\n<\/div>\n<div class=\"feat-widget-wrap left relative\" readability=\"9\"><a href=\"https:\/\/www.tunisienumerique.com\/tunisie-les-diplomates-francais-en-provenance-de-libye-ont-ete-contraints-de-remettre-armes-et-munitions-selon-zbidi\/\"\/><\/p>\n<div class=\"feat-widget-img left relative\"><img loading=\"lazy\" decoding=\"async\" width=\"300\" height=\"180\" src=\"https:\/\/www.tunisienumerique.com\/wp-content\/uploads\/2019\/04\/droub-300x180.jpg\" class=\"reg-img wp-post-image\" alt=\"\" srcset=\"https:\/\/www.tunisienumerique.com\/wp-content\/uploads\/2019\/04\/droub-300x180.jpg 300w, https:\/\/www.tunisienumerique.com\/wp-content\/uploads\/2019\/04\/droub-450x270.jpg 450w\" sizes=\"auto, (max-width: 300px) 100vw, 300px\"\/><img loading=\"lazy\" decoding=\"async\" width=\"80\" height=\"80\" src=\"https:\/\/www.tunisienumerique.com\/wp-content\/uploads\/2019\/04\/droub-80x80.jpg\" class=\"mob-img wp-post-image\" alt=\"\"\/><\/p>\n<p><span class=\"feat-info-text\">2.1K<\/span><\/p>\n<\/div>\n<p><span class=\"side-list-cat\">Societe<\/span><\/p>\n<h2>Tunisie: Les diplomates fran\u00e7ais en provenance de Libye ont \u00e9t\u00e9 contraints de remettre armes et munitions, selon Zbidi<\/h2>\n<\/p>\n<\/div>\n<div class=\"feat-widget-wrap left relative\" readability=\"7\"><a href=\"https:\/\/www.tunisienumerique.com\/tunisie-greve-des-taxis-individuels-voici-la-liste-des-routes-bloquees\/\"\/><\/p>\n<div class=\"feat-widget-img left relative\"><img loading=\"lazy\" decoding=\"async\" width=\"300\" height=\"180\" src=\"https:\/\/www.tunisienumerique.com\/wp-content\/uploads\/2019\/04\/787-300x180.jpg\" class=\"reg-img wp-post-image\" alt=\"\" srcset=\"https:\/\/www.tunisienumerique.com\/wp-content\/uploads\/2019\/04\/787-300x180.jpg 300w, https:\/\/www.tunisienumerique.com\/wp-content\/uploads\/2019\/04\/787-450x270.jpg 450w\" sizes=\"auto, (max-width: 300px) 100vw, 300px\"\/><img loading=\"lazy\" decoding=\"async\" width=\"80\" height=\"80\" src=\"https:\/\/www.tunisienumerique.com\/wp-content\/uploads\/2019\/04\/787-80x80.jpg\" class=\"mob-img wp-post-image\" alt=\"\"\/><\/p>\n<p><span class=\"feat-info-text\">2.0K<\/span><\/p>\n<\/div>\n<p><span class=\"side-list-cat\">Societe<\/span><\/p>\n<h2>Tunisie- Gr\u00e8ve des taxis individuels : voici la liste des routes bloqu\u00e9es<\/h2>\n<\/p>\n<\/div>\n<p>Auteur: LM<br \/>\n<a href=\"https:\/\/www.tunisienumerique.com\/\">Cliquez ici pour lire l&rsquo;article depuis sa source.<\/a><\/p>\n","protected":false},"excerpt":{"rendered":"<p>7.3K \u00a0 Tunisie \u2013 Tourisme\u00a0: Ce n\u2019est pas ce qu\u2019on attendait de Ren\u00e9 Trabelsi, ni ce qu\u2019il a l\u2019habitude de faire 3.4K \u00a0 Tunisie: R\u00e9ouverture de la route du pont mobile \u00e0 Bizerte apr\u00e8s un intervention muscl\u00e9e des unit\u00e9s de s\u00e9curit\u00e9 3.2K Societe Tunisie: Vid\u00e9o d\u2019un petit enfant lors d\u2019une soir\u00e9e arros\u00e9e, intervention du parquet [&hellip;]<\/p>\n","protected":false},"author":1789,"featured_media":28240,"comment_status":"closed","ping_status":"closed","sticky":false,"template":"","format":"standard","meta":{"fifu_image_url":"","fifu_image_alt":"","footnotes":""},"categories":[73,55],"tags":[],"class_list":["post-28239","post","type-post","status-publish","format-standard","has-post-thumbnail","hentry","category-actualite","category-tunisie"],"_links":{"self":[{"href":"https:\/\/linitiative.ca\/International\/wp-json\/wp\/v2\/posts\/28239","targetHints":{"allow":["GET"]}}],"collection":[{"href":"https:\/\/linitiative.ca\/International\/wp-json\/wp\/v2\/posts"}],"about":[{"href":"https:\/\/linitiative.ca\/International\/wp-json\/wp\/v2\/types\/post"}],"author":[{"embeddable":true,"href":"https:\/\/linitiative.ca\/International\/wp-json\/wp\/v2\/users\/1789"}],"replies":[{"embeddable":true,"href":"https:\/\/linitiative.ca\/International\/wp-json\/wp\/v2\/comments?post=28239"}],"version-history":[{"count":0,"href":"https:\/\/linitiative.ca\/International\/wp-json\/wp\/v2\/posts\/28239\/revisions"}],"wp:featuredmedia":[{"embeddable":true,"href":"https:\/\/linitiative.ca\/International\/wp-json\/"}],"wp:attachment":[{"href":"https:\/\/linitiative.ca\/International\/wp-json\/wp\/v2\/media?parent=28239"}],"wp:term":[{"taxonomy":"category","embeddable":true,"href":"https:\/\/linitiative.ca\/International\/wp-json\/wp\/v2\/categories?post=28239"},{"taxonomy":"post_tag","embeddable":true,"href":"https:\/\/linitiative.ca\/International\/wp-json\/wp\/v2\/tags?post=28239"}],"curies":[{"name":"wp","href":"https:\/\/api.w.org\/{rel}","templated":true}]}}