{"id":28245,"date":"2019-04-15T18:58:36","date_gmt":"2019-04-15T22:58:36","guid":{"rendered":"https:\/\/linitiative.ca\/International\/cooperation-parlementaire-burkina-france-vers-une-feuille-de-route-pour-definir-les-axes-daction\/"},"modified":"2019-04-15T18:58:36","modified_gmt":"2019-04-15T22:58:36","slug":"cooperation-parlementaire-burkina-france-vers-une-feuille-de-route-pour-definir-les-axes-daction","status":"publish","type":"post","link":"https:\/\/linitiative.ca\/International\/cooperation-parlementaire-burkina-france-vers-une-feuille-de-route-pour-definir-les-axes-daction\/","title":{"rendered":"Coop\u00e9ration parlementaire Burkina-France : Vers une feuille de route pour d\u00e9finir les axes d\u2019action"},"content":{"rendered":"<div class=\"td-post-featured-image\"><a href=\"https:\/\/i2.wp.com\/www.sidwaya.info\/wp-content\/uploads\/2019\/04\/Audience-PAN.jpg?fit=600%2C384&#038;ssl=1\" data-caption=\"\"><img loading=\"lazy\" decoding=\"async\" width=\"600\" height=\"384\" class=\"entry-thumb td-modal-image\" src=\"https:\/\/i2.wp.com\/www.sidwaya.info\/wp-content\/uploads\/2019\/04\/Audience-PAN.jpg?resize=600%2C384&#038;ssl=1\" srcset=\"https:\/\/i2.wp.com\/www.sidwaya.info\/wp-content\/uploads\/2019\/04\/Audience-PAN.jpg?w=600&#038;ssl=1 600w, https:\/\/i2.wp.com\/www.sidwaya.info\/wp-content\/uploads\/2019\/04\/Audience-PAN.jpg?resize=300%2C192&#038;ssl=1 300w\" sizes=\"auto, (max-width: 600px) 100vw, 600px\" alt=\"\" title=\"Audience-PAN\"\/><\/a><\/div>\n<div class=\"td-a-rec td-a-rec-id-content_top td_uid_30_5cb64cb895fa8_rand td_block_template_1\"><img loading=\"lazy\" decoding=\"async\" class=\"aligncenter size-full wp-image-4463\" src=\"https:\/\/www.sidwaya.info\/wp-content\/uploads\/2019\/02\/FESPACO-TOUR-2019-Bannie%CC%80re-728x90-1.jpg\" alt=\"\" width=\"728\" height=\"90\"\/><\/div>\n<p><strong>Le pr\u00e9sident de l\u2019Assembl\u00e9e nationale, Alassane Bala Sakand\u00e9, a re\u00e7u en audience une d\u00e9l\u00e9gation mixte des groupes d\u2019amiti\u00e9 France-Afrique de l\u2019Ouest et Burkina Faso-France, le lundi 15 avril 2019 \u00e0 Ouagadougou.<\/strong><\/p>\n<p>Les relations franco-burkinab\u00e8 se dessinent aussi dans les couloirs parlementaires. La coop\u00e9ration entre les deux pays a \u00e9t\u00e9 au menu d\u2019une audience que le pr\u00e9sident de l\u2019Assembl\u00e9e nationale (PAN), Alassane Bala Sakand\u00e9, a accord\u00e9 aux repr\u00e9sentants des groupes d\u2019amiti\u00e9 France-Afrique de l\u2019Ouest et Burkina Faso-France.<\/p>\n<p>La d\u00e9l\u00e9gation fran\u00e7aise \u00e9tait conduite par le s\u00e9nateur du Bas-Rhin, Andr\u00e9 Reichardt et celle du Burkina par le d\u00e9put\u00e9 Mamadou Diallo. Selon les porte-paroles des deux groupes d\u2019amiti\u00e9 au sortir de l\u2019entrevue avec le PAN, il s\u2019est agi de raffermir les liens entre les parlements des deux pays et r\u00e9affirmer les \u00ab forts liens \u00bb qui existent entre l\u2019Hexagone et le pays des Hommes int\u00e8gres \u00e0 travers leurs multiples domaines de coop\u00e9ration.<\/p>\n<p>Les deux parties envisagent de mettre \u00e0 profit le s\u00e9jour burkinab\u00e8 de la d\u00e9l\u00e9gation fran\u00e7aise (forte de 4 s\u00e9nateurs notamment) afin d\u2019\u00e9baucher une feuille de route pour d\u00e9finir les axes d\u2019action de cette amiti\u00e9. Des sujets comme l\u2019\u00e9tat civil ou l\u2019acc\u00e8s \u00e0 l\u2019eau potable ont \u00e9t\u00e9 \u00e9voqu\u00e9s comme pouvant \u00eatre inscrits sur ce plan d\u2019actions. \u00ab Beaucoup d\u2019enfants au Burkina Faso n\u2019ont pas d\u2019\u00e9tat civil.<\/p>\n<p>Nous verrons comment d\u00e9velopper ensemble un syst\u00e8me qui existe d\u00e9j\u00e0\u00bb, a confi\u00e9 le pr\u00e9sident du groupe d\u2019amiti\u00e9 parlementaire Burkina-France, Mamadou Diallo. Les deux d\u00e9l\u00e9gations pr\u00e9voient \u00e9galement accorder une place centrale aux questions f\u00e9minines et de jeunes, conform\u00e9ment aux recommandations du PAN Sakand\u00e9. \u00ab Nous avons une commission charg\u00e9e de la question, le s\u00e9nat fran\u00e7ais \u00e9galement. Tr\u00e8s rapidement, nous pourrons faire bouger les choses \u00e0 ce propos \u00bb, a soulign\u00e9 le d\u00e9put\u00e9 Diallo.<\/p>\n<p>En somme, les membres du groupe d\u2019amiti\u00e9 travailleront \u00e0 renforcer la coop\u00e9ration entre les diff\u00e9rents parlements, que ce soit sous la forme de renforcement des capacit\u00e9s, de partage d\u2019exp\u00e9riences ou \u00e0 travers des projets d\u00e9termin\u00e9s. \u00ab Le pr\u00e9sident de l\u2019Assembl\u00e9e nationale a r\u00e9affirm\u00e9 sa volont\u00e9 de travailler en accord avec nous. Il a charg\u00e9 le pr\u00e9sident du groupe d\u2019amiti\u00e9 et les pr\u00e9sidents de commissions de travailler dans le d\u00e9tail sur une \u00e9ventuelle feuille de route\u00bb, s\u2019est pour sa part confi\u00e9 le porte-parole de la d\u00e9l\u00e9gation des s\u00e9nateurs fran\u00e7ais, Andr\u00e9 Reichardt.<\/p>\n<p><strong>Fab\u00e9 Mamadou OUATTARA<\/strong><br \/><strong>Arnaud Fid\u00e8le YAMEOGO<br \/><\/strong><em>(Stagiaire)<\/em><\/p>\n<div class=\"td-a-rec td-a-rec-id-content_bottom td_uid_31_5cb64cb896214_rand td_block_template_1\"><img loading=\"lazy\" decoding=\"async\" class=\"alignright size-full wp-image-1724\" src=\"https:\/\/www.sidwaya.info\/wp-content\/uploads\/2018\/12\/sidwaya-pub.jpg\" alt=\"\" width=\"720\" height=\"90\"\/><\/div>\n<p>Auteur: DB. Sidwaya<br \/>\n<a href=\"https:\/\/www.sidwaya.info\/blog\/2019\/04\/15\/cooperation-parlementaire-burkina-france-vers-une-feuille-de-route-pour-definir-les-axes-daction\/\">Cliquez ici pour lire l&rsquo;article depuis sa source.<\/a><\/p>\n","protected":false},"excerpt":{"rendered":"<p>Le pr\u00e9sident de l\u2019Assembl\u00e9e nationale, Alassane Bala Sakand\u00e9, a re\u00e7u en audience une d\u00e9l\u00e9gation mixte des groupes d\u2019amiti\u00e9 France-Afrique de l\u2019Ouest et Burkina Faso-France, le lundi 15 avril 2019 \u00e0 Ouagadougou. Les relations franco-burkinab\u00e8 se dessinent aussi dans les couloirs parlementaires. La coop\u00e9ration entre les deux pays a \u00e9t\u00e9 au menu d\u2019une audience que le [&hellip;]<\/p>\n","protected":false},"author":1816,"featured_media":0,"comment_status":"closed","ping_status":"closed","sticky":false,"template":"","format":"standard","meta":{"fifu_image_url":"","fifu_image_alt":"","footnotes":""},"categories":[73,81],"tags":[],"class_list":["post-28245","post","type-post","status-publish","format-standard","hentry","category-actualite","category-burkina-faso"],"_links":{"self":[{"href":"https:\/\/linitiative.ca\/International\/wp-json\/wp\/v2\/posts\/28245","targetHints":{"allow":["GET"]}}],"collection":[{"href":"https:\/\/linitiative.ca\/International\/wp-json\/wp\/v2\/posts"}],"about":[{"href":"https:\/\/linitiative.ca\/International\/wp-json\/wp\/v2\/types\/post"}],"author":[{"embeddable":true,"href":"https:\/\/linitiative.ca\/International\/wp-json\/wp\/v2\/users\/1816"}],"replies":[{"embeddable":true,"href":"https:\/\/linitiative.ca\/International\/wp-json\/wp\/v2\/comments?post=28245"}],"version-history":[{"count":0,"href":"https:\/\/linitiative.ca\/International\/wp-json\/wp\/v2\/posts\/28245\/revisions"}],"wp:attachment":[{"href":"https:\/\/linitiative.ca\/International\/wp-json\/wp\/v2\/media?parent=28245"}],"wp:term":[{"taxonomy":"category","embeddable":true,"href":"https:\/\/linitiative.ca\/International\/wp-json\/wp\/v2\/categories?post=28245"},{"taxonomy":"post_tag","embeddable":true,"href":"https:\/\/linitiative.ca\/International\/wp-json\/wp\/v2\/tags?post=28245"}],"curies":[{"name":"wp","href":"https:\/\/api.w.org\/{rel}","templated":true}]}}