{"id":28246,"date":"2019-04-16T14:05:13","date_gmt":"2019-04-16T18:05:13","guid":{"rendered":"https:\/\/linitiative.ca\/International\/banfora-aboubacar-gnambon-hema-le-nouveau-chef-de-canton\/"},"modified":"2019-04-16T14:05:13","modified_gmt":"2019-04-16T18:05:13","slug":"banfora-aboubacar-gnambon-hema-le-nouveau-chef-de-canton","status":"publish","type":"post","link":"https:\/\/linitiative.ca\/International\/banfora-aboubacar-gnambon-hema-le-nouveau-chef-de-canton\/","title":{"rendered":"Banfora\u00a0: Aboubacar Gnambon H\u00e9ma, le nouveau chef de canton"},"content":{"rendered":"<div class=\"td-a-rec td-a-rec-id-content_top td_uid_30_5cb64cbcb0d1d_rand td_block_template_1\"><img loading=\"lazy\" decoding=\"async\" class=\"aligncenter size-full wp-image-4463\" src=\"https:\/\/www.sidwaya.info\/wp-content\/uploads\/2019\/02\/FESPACO-TOUR-2019-Bannie%CC%80re-728x90-1.jpg\" alt=\"\" width=\"728\" height=\"90\"\/><\/div>\n<p>Banfora\u00a0: Aboubacar Gnambon H\u00e9ma, le nouveau chef de canton<\/p>\n<p>Aboubacar Gnambon H\u00e9ma, un agent de la SOFITEX de l\u2019usine Banfora II, succ\u00e8de \u00e0 son p\u00e8re au tr\u00f4ne. \u00c2g\u00e9 de 29 ans, le nouveau chef de canton a pris pour nom de r\u00e8gne H\u00e9ma Fadouga II. Son p\u00e8re H\u00e9ma Yoyi\u00e9 est d\u00e9c\u00e9d\u00e9 en 2018. Il a \u00e9t\u00e9 d\u00e9sign\u00e9 et intronis\u00e9 par un coll\u00e8ge de sages, \u00e0 l\u2019issue des fun\u00e9railles. Aboubacar Gnambon H\u00e9ma est mari\u00e9 et p\u00e8re d\u2019un enfant.<\/p>\n<div class=\"td-a-rec td-a-rec-id-content_bottom td_uid_31_5cb64cbcb0f47_rand td_block_template_1\"><img loading=\"lazy\" decoding=\"async\" class=\"alignright size-full wp-image-1724\" src=\"https:\/\/www.sidwaya.info\/wp-content\/uploads\/2018\/12\/sidwaya-pub.jpg\" alt=\"\" width=\"720\" height=\"90\"\/><\/div>\n<p>Auteur: Wamini SIDWAYA<br \/>\n<a href=\"https:\/\/www.sidwaya.info\/blog\/2019\/04\/16\/banfora-aboubacar-gnambon-hema-le-nouveau-chef-de-canton\/\">Cliquez ici pour lire l&rsquo;article depuis sa source.<\/a><\/p>\n","protected":false},"excerpt":{"rendered":"<p>Banfora\u00a0: Aboubacar Gnambon H\u00e9ma, le nouveau chef de canton Aboubacar Gnambon H\u00e9ma, un agent de la SOFITEX de l\u2019usine Banfora II, succ\u00e8de \u00e0 son p\u00e8re au tr\u00f4ne. \u00c2g\u00e9 de 29 ans, le nouveau chef de canton a pris pour nom de r\u00e8gne H\u00e9ma Fadouga II. Son p\u00e8re H\u00e9ma Yoyi\u00e9 est d\u00e9c\u00e9d\u00e9 en 2018. Il a [&hellip;]<\/p>\n","protected":false},"author":1816,"featured_media":28247,"comment_status":"closed","ping_status":"closed","sticky":false,"template":"","format":"standard","meta":{"fifu_image_url":"","fifu_image_alt":"","footnotes":""},"categories":[73,81],"tags":[],"class_list":["post-28246","post","type-post","status-publish","format-standard","has-post-thumbnail","hentry","category-actualite","category-burkina-faso"],"_links":{"self":[{"href":"https:\/\/linitiative.ca\/International\/wp-json\/wp\/v2\/posts\/28246","targetHints":{"allow":["GET"]}}],"collection":[{"href":"https:\/\/linitiative.ca\/International\/wp-json\/wp\/v2\/posts"}],"about":[{"href":"https:\/\/linitiative.ca\/International\/wp-json\/wp\/v2\/types\/post"}],"author":[{"embeddable":true,"href":"https:\/\/linitiative.ca\/International\/wp-json\/wp\/v2\/users\/1816"}],"replies":[{"embeddable":true,"href":"https:\/\/linitiative.ca\/International\/wp-json\/wp\/v2\/comments?post=28246"}],"version-history":[{"count":0,"href":"https:\/\/linitiative.ca\/International\/wp-json\/wp\/v2\/posts\/28246\/revisions"}],"wp:featuredmedia":[{"embeddable":true,"href":"https:\/\/linitiative.ca\/International\/wp-json\/"}],"wp:attachment":[{"href":"https:\/\/linitiative.ca\/International\/wp-json\/wp\/v2\/media?parent=28246"}],"wp:term":[{"taxonomy":"category","embeddable":true,"href":"https:\/\/linitiative.ca\/International\/wp-json\/wp\/v2\/categories?post=28246"},{"taxonomy":"post_tag","embeddable":true,"href":"https:\/\/linitiative.ca\/International\/wp-json\/wp\/v2\/tags?post=28246"}],"curies":[{"name":"wp","href":"https:\/\/api.w.org\/{rel}","templated":true}]}}