{"id":28249,"date":"2019-04-16T17:30:46","date_gmt":"2019-04-16T21:30:46","guid":{"rendered":"https:\/\/linitiative.ca\/International\/talents-de-mode-2019\/"},"modified":"2019-04-16T17:30:46","modified_gmt":"2019-04-16T21:30:46","slug":"talents-de-mode-2019","status":"publish","type":"post","link":"https:\/\/linitiative.ca\/International\/talents-de-mode-2019\/","title":{"rendered":"Talents de mode 2019"},"content":{"rendered":"<div class=\"td-post-featured-image\"><a href=\"https:\/\/i1.wp.com\/www.sidwaya.info\/wp-content\/uploads\/2019\/04\/MODE17.jpg?fit=787%2C590&#038;ssl=1\" data-caption=\"\"><img loading=\"lazy\" decoding=\"async\" width=\"696\" height=\"522\" class=\"entry-thumb td-modal-image\" src=\"https:\/\/i1.wp.com\/www.sidwaya.info\/wp-content\/uploads\/2019\/04\/MODE17.jpg?resize=696%2C522&#038;ssl=1\" srcset=\"https:\/\/i1.wp.com\/www.sidwaya.info\/wp-content\/uploads\/2019\/04\/MODE17.jpg?w=787&#038;ssl=1 787w, https:\/\/i1.wp.com\/www.sidwaya.info\/wp-content\/uploads\/2019\/04\/MODE17.jpg?resize=300%2C225&#038;ssl=1 300w, https:\/\/i1.wp.com\/www.sidwaya.info\/wp-content\/uploads\/2019\/04\/MODE17.jpg?resize=768%2C576&#038;ssl=1 768w, https:\/\/i1.wp.com\/www.sidwaya.info\/wp-content\/uploads\/2019\/04\/MODE17.jpg?resize=80%2C60&#038;ssl=1 80w, https:\/\/i1.wp.com\/www.sidwaya.info\/wp-content\/uploads\/2019\/04\/MODE17.jpg?resize=265%2C198&#038;ssl=1 265w, https:\/\/i1.wp.com\/www.sidwaya.info\/wp-content\/uploads\/2019\/04\/MODE17.jpg?resize=696%2C522&#038;ssl=1 696w, https:\/\/i1.wp.com\/www.sidwaya.info\/wp-content\/uploads\/2019\/04\/MODE17.jpg?resize=560%2C420&#038;ssl=1 560w\" sizes=\"auto, (max-width: 696px) 100vw, 696px\" alt=\"\" title=\"MODE17\"\/><\/a><\/div>\n<div class=\"td-a-rec td-a-rec-id-content_top td_uid_30_5cb64cc66cb0b_rand td_block_template_1\"><img loading=\"lazy\" decoding=\"async\" class=\"aligncenter size-full wp-image-4463\" src=\"https:\/\/www.sidwaya.info\/wp-content\/uploads\/2019\/02\/FESPACO-TOUR-2019-Bannie%CC%80re-728x90-1.jpg\" alt=\"\" width=\"728\" height=\"90\"\/><\/div>\n<p><strong>La premi\u00e8re \u00e9dition de Talents de mode a eu lieu, le samedi 13 avril 2019 \u00e0 Koudougou sous le th\u00e8me\u00a0: \u00abPromotion et valorisation du Faso dan fani\u00bb.<\/strong><\/p>\n<p>Le pagne traditionnel Faso dan fani a \u00e9t\u00e9 c\u00e9l\u00e9br\u00e9, pendant 24 heures, dans la cit\u00e9 du cavalier rouge. C\u2019\u00e9tait \u00e0 l\u2019occasion de la premi\u00e8re \u00e9dition du Talents de mode tenue, le samedi 13 avril dernier, \u00e0 Koudougou. Selon le promoteur, le styliste mod\u00e9liste, Pierre Yam\u00e9ogo, cette manifestation a \u00e9t\u00e9 initi\u00e9e pour permettre aux cr\u00e9ateurs de mode de venir pr\u00e9senter leur savoir-faire avec le \u2018\u2019tissu national\u2019\u2019 \u00e0 travers un d\u00e9fil\u00e9 de mode. Ce premier rendez-vous a vu la participation de seize stylistes mod\u00e9listes venus de Ouagadougou, L\u00e9o, Sapouy, R\u00e9o, Ouahigouya et Koudougou. Leurs diff\u00e9rentes cr\u00e9ations (tenues de soir\u00e9e, de mariage, etc.), avec le Faso dan fani ont \u00e9t\u00e9, deux heures durant, pr\u00e9sent\u00e9es au public. Plac\u00e9e sous le th\u00e8me\u00a0: \u00abPromotion et valorisation du Faso dan fani\u00a0\u00bb, cette premi\u00e8re \u00e9dition de Talents de mode, de l\u2019avis de son initiateur, a tenu toutes ses promesses. Pour lui, l\u2019objectif a \u00e9t\u00e9 de faire d\u00e9couvrir des jeunes talents du Burkina Faso, et de la r\u00e9gion du Centre-Ouest, en particulier. \u201cLe Faso Dan Fani est le meilleur pagne. Bien cousu, il est le v\u00eatement que tout bon Burkinab\u00e8 doit porter\u201d, a-t-il soutenu. Quant aux parrains, Sa Majest\u00e9 le Larl\u00e9 Naaba Tigr\u00e9 et le directeur de cabinet du Pr\u00e9sident du Faso, Seydou Zagr\u00e9, ils ont salu\u00e9 l\u2019initiative, qui est, selon eux, un exemple \u00e0 encourager. Aussi, ils se sont engag\u00e9s \u00e0 contribuer \u00e0 la p\u00e9rennisation de Talents de mode et d\u2019en faire un \u00e9v\u00e9nement d\u2019envergure nationale. Pour Seydou Zagr\u00e9, cette activit\u00e9 constitue un signe annonciateur de la r\u00e9ouverture de l\u2019usine Faso Fani. Outre le d\u00e9fil\u00e9, Talents de mode 2019 a \u00e9t\u00e9 \u00e9galement ponctu\u00e9e par des prestations d\u2019artistes (Troupe mythique de Wily, David et Sylvestre, Dez Altino, etc.), et une remise d\u2019attestations \u00e0 l\u2019ensemble des seize stylistes.<\/p>\n<p>Fran\u00e7ois KABORE<\/p>\n<div class=\"td-a-rec td-a-rec-id-content_bottom td_uid_31_5cb64cc66cd32_rand td_block_template_1\"><img loading=\"lazy\" decoding=\"async\" class=\"alignright size-full wp-image-1724\" src=\"https:\/\/www.sidwaya.info\/wp-content\/uploads\/2018\/12\/sidwaya-pub.jpg\" alt=\"\" width=\"720\" height=\"90\"\/><\/div>\n<p>Auteur: BM. Sidwaya<br \/>\n<a href=\"https:\/\/www.sidwaya.info\/blog\/2019\/04\/16\/talents-de-mode-2019\/\">Cliquez ici pour lire l&rsquo;article depuis sa source.<\/a><\/p>\n","protected":false},"excerpt":{"rendered":"<p>La premi\u00e8re \u00e9dition de Talents de mode a eu lieu, le samedi 13 avril 2019 \u00e0 Koudougou sous le th\u00e8me\u00a0: \u00abPromotion et valorisation du Faso dan fani\u00bb. Le pagne traditionnel Faso dan fani a \u00e9t\u00e9 c\u00e9l\u00e9br\u00e9, pendant 24 heures, dans la cit\u00e9 du cavalier rouge. C\u2019\u00e9tait \u00e0 l\u2019occasion de la premi\u00e8re \u00e9dition du Talents de [&hellip;]<\/p>\n","protected":false},"author":1816,"featured_media":0,"comment_status":"closed","ping_status":"closed","sticky":false,"template":"","format":"standard","meta":{"fifu_image_url":"","fifu_image_alt":"","footnotes":""},"categories":[73,81],"tags":[],"class_list":["post-28249","post","type-post","status-publish","format-standard","hentry","category-actualite","category-burkina-faso"],"_links":{"self":[{"href":"https:\/\/linitiative.ca\/International\/wp-json\/wp\/v2\/posts\/28249","targetHints":{"allow":["GET"]}}],"collection":[{"href":"https:\/\/linitiative.ca\/International\/wp-json\/wp\/v2\/posts"}],"about":[{"href":"https:\/\/linitiative.ca\/International\/wp-json\/wp\/v2\/types\/post"}],"author":[{"embeddable":true,"href":"https:\/\/linitiative.ca\/International\/wp-json\/wp\/v2\/users\/1816"}],"replies":[{"embeddable":true,"href":"https:\/\/linitiative.ca\/International\/wp-json\/wp\/v2\/comments?post=28249"}],"version-history":[{"count":0,"href":"https:\/\/linitiative.ca\/International\/wp-json\/wp\/v2\/posts\/28249\/revisions"}],"wp:attachment":[{"href":"https:\/\/linitiative.ca\/International\/wp-json\/wp\/v2\/media?parent=28249"}],"wp:term":[{"taxonomy":"category","embeddable":true,"href":"https:\/\/linitiative.ca\/International\/wp-json\/wp\/v2\/categories?post=28249"},{"taxonomy":"post_tag","embeddable":true,"href":"https:\/\/linitiative.ca\/International\/wp-json\/wp\/v2\/tags?post=28249"}],"curies":[{"name":"wp","href":"https:\/\/api.w.org\/{rel}","templated":true}]}}