{"id":28250,"date":"2019-04-16T17:35:04","date_gmt":"2019-04-16T21:35:04","guid":{"rendered":"https:\/\/linitiative.ca\/International\/authentification-des-diplomes-des-fonctionnaires\/"},"modified":"2019-04-16T17:35:04","modified_gmt":"2019-04-16T21:35:04","slug":"authentification-des-diplomes-des-fonctionnaires","status":"publish","type":"post","link":"https:\/\/linitiative.ca\/International\/authentification-des-diplomes-des-fonctionnaires\/","title":{"rendered":"Authentification des dipl\u00f4mes  des fonctionnaires"},"content":{"rendered":"<div class=\"td-post-featured-image\"><a href=\"https:\/\/i0.wp.com\/www.sidwaya.info\/wp-content\/uploads\/2019\/04\/CFOB17.jpg?fit=787%2C606&#038;ssl=1\" data-caption=\"\"><img loading=\"lazy\" decoding=\"async\" width=\"696\" height=\"536\" class=\"entry-thumb td-modal-image\" src=\"https:\/\/i0.wp.com\/www.sidwaya.info\/wp-content\/uploads\/2019\/04\/CFOB17.jpg?resize=696%2C536&#038;ssl=1\" srcset=\"https:\/\/i0.wp.com\/www.sidwaya.info\/wp-content\/uploads\/2019\/04\/CFOB17.jpg?w=787&#038;ssl=1 787w, https:\/\/i0.wp.com\/www.sidwaya.info\/wp-content\/uploads\/2019\/04\/CFOB17.jpg?resize=300%2C231&#038;ssl=1 300w, https:\/\/i0.wp.com\/www.sidwaya.info\/wp-content\/uploads\/2019\/04\/CFOB17.jpg?resize=768%2C591&#038;ssl=1 768w, https:\/\/i0.wp.com\/www.sidwaya.info\/wp-content\/uploads\/2019\/04\/CFOB17.jpg?resize=696%2C536&#038;ssl=1 696w, https:\/\/i0.wp.com\/www.sidwaya.info\/wp-content\/uploads\/2019\/04\/CFOB17.jpg?resize=545%2C420&#038;ssl=1 545w\" sizes=\"auto, (max-width: 696px) 100vw, 696px\" alt=\"\" title=\"CFOB17\"\/><\/a><\/div>\n<div class=\"td-a-rec td-a-rec-id-content_top td_uid_30_5cb64cca4a6b1_rand td_block_template_1\"><img loading=\"lazy\" decoding=\"async\" class=\"aligncenter size-full wp-image-4463\" src=\"https:\/\/www.sidwaya.info\/wp-content\/uploads\/2019\/02\/FESPACO-TOUR-2019-Bannie%CC%80re-728x90-1.jpg\" alt=\"\" width=\"728\" height=\"90\"\/><\/div>\n<p><strong>L\u2019hebdomadaire point de presse du Chef de file de l\u2019opposition politique au Burkina Faso (CFOP-BF) a \u00e9t\u00e9 anim\u00e9, le mardi 16 avril 2019 \u00e0 Ouagadougou, par le pr\u00e9sident de l\u2019Union pour la renaissance d\u00e9mocratique-Mouvement sankariste (URD\/MS), Alphonse-Marie Ou\u00e9draogo et celui du Parti national des d\u00e9mocrates sociaux (PNDS), Yumanli Lompo.<\/strong><\/p>\n<p>L\u2019opposition politique burkinab\u00e8 d\u00e9nonce \u00abune volont\u00e9 manifeste des autorit\u00e9s d\u2019enterrer le dossier Yirgou et laisser libres et impunis les criminels coupables du massacre\u00bb. C\u2019est ce qu\u2019a affirm\u00e9 le pr\u00e9sident de l\u2019Union pour la renaissance d\u00e9mocratique-Mouvement sankariste (URD\/MS), Alphonse-Marie Ou\u00e9draogo, lors de l\u2019hebdomadaire point de presse du Chef de file de l\u2019opposition politique (CFOP), qu\u2019il a co-anim\u00e9 le mardi 16 avril 2019 \u00e0 Ouagadougou, avec le pr\u00e9sident du Parti national des d\u00e9mocrates sociaux (PNDS), Yumanli Lompo. Pour M. Ou\u00e9draogo, la responsabilit\u00e9 du chef de l\u2019Etat, en tant que garant de la s\u00e9curit\u00e9 des Burkinab\u00e8, du respect des lois et de la bonne gouvernance de l\u2019administration de la Justice, est engag\u00e9e. L\u2019opposition, \u00e0 l\u2019en croire, d\u00e9butera d\u00e9sormais ses points de presse par \u00abun souvenir du massacre de Yirgou et un appel \u00e0 la justice\u00bb. Quant au dialogue politique annonc\u00e9 mardi dernier, le pr\u00e9sident de l\u2019URD\/MS a pr\u00e9cis\u00e9 qu\u2019il se tiendra \u00e0 la fin de ce mois. D\u2019ores et d\u00e9j\u00e0, il a affirm\u00e9, sans plus de d\u00e9tail, que la liste des points que l\u2019opposition souhaite aborder a \u00e9t\u00e9 transmise au pr\u00e9sident du Faso.<br \/>Il a \u00e9galement comment\u00e9 la sortie du pr\u00e9sident par int\u00e9rim du Mouvement du peuple pour le progr\u00e8s (MPP), Simon Compaor\u00e9 lors d\u2019une conf\u00e9rence de presse du parti au pouvoir. R\u00e9pondant \u00e0 l\u2019accusation de ce dernier sur une r\u00e9cup\u00e9ration politique des crises sociales par l\u2019opposition avec l\u2019intention de se faire une \u00abvirginit\u00e9 politique\u00bb, M. Ou\u00e9draogo a qualifi\u00e9 cette d\u00e9claration de \u00abtendancieuse\u00bb. Concernant la situation au minist\u00e8re de l\u2019Economie, des finances et du D\u00e9veloppement (MINEFID), Alphonse-Marie Ou\u00e9draogo a renvoy\u00e9 les tenants du pouvoir \u00e0 leurs responsabilit\u00e9s, les invitant \u00e0 trouver des solutions plut\u00f4t que de \u00abcondamner\u00bb. Quant aux propos de M. Compaor\u00e9 qui aurait dit aux ONG que \u00absi le Burkina est devenu invivable, il faut partir\u00bb, il s\u2019en est d\u00e9marqu\u00e9 et a affich\u00e9 la volont\u00e9 du CFOP-BF de rencontrer ces Organisations pour les encourager, les \u00e9couter et mieux comprendre leurs pr\u00e9occupations.<br \/>Sur l\u2019op\u00e9ration d\u2019authentification des dipl\u00f4mes des fonctionnaires pr\u00e9vue pour mai 2019, le CFOP-BF, selon Alphonse-Marie Ou\u00e9draogo juge l\u2019initiative bonne. Toutefois, il dit craindre que cela ne soit transform\u00e9 en un instrument de r\u00e9pression de certains fonctionnaires. Le dernier point a port\u00e9 sur une lettre que l\u2019ancien pr\u00e9sident Blaise Compaor\u00e9 aurait envoy\u00e9 au chef de l\u2019Etat, Roch Marc Christian Kabor\u00e9. Convaincu que les deux personnalit\u00e9s continuent de communiquer, M. Ou\u00e9draogo a souhait\u00e9 que cette correspondance qui aborde la sensible question s\u00e9curitaire, soit rendue publique dans son int\u00e9gralit\u00e9.<\/p>\n<p>Tielm\u00e8 Innocent KAMBIRE<\/p>\n<div class=\"td-a-rec td-a-rec-id-content_bottom td_uid_31_5cb64cca4a90c_rand td_block_template_1\"><img loading=\"lazy\" decoding=\"async\" class=\"alignright size-full wp-image-1724\" src=\"https:\/\/www.sidwaya.info\/wp-content\/uploads\/2018\/12\/sidwaya-pub.jpg\" alt=\"\" width=\"720\" height=\"90\"\/><\/div>\n<p>Auteur: BM. Sidwaya<br \/>\n<a href=\"https:\/\/www.sidwaya.info\/blog\/2019\/04\/16\/authentification-des-diplomes-des-fonctionnaires\/\">Cliquez ici pour lire l&rsquo;article depuis sa source.<\/a><\/p>\n","protected":false},"excerpt":{"rendered":"<p>L\u2019hebdomadaire point de presse du Chef de file de l\u2019opposition politique au Burkina Faso (CFOP-BF) a \u00e9t\u00e9 anim\u00e9, le mardi 16 avril 2019 \u00e0 Ouagadougou, par le pr\u00e9sident de l\u2019Union pour la renaissance d\u00e9mocratique-Mouvement sankariste (URD\/MS), Alphonse-Marie Ou\u00e9draogo et celui du Parti national des d\u00e9mocrates sociaux (PNDS), Yumanli Lompo. L\u2019opposition politique burkinab\u00e8 d\u00e9nonce \u00abune volont\u00e9 [&hellip;]<\/p>\n","protected":false},"author":1816,"featured_media":0,"comment_status":"closed","ping_status":"closed","sticky":false,"template":"","format":"standard","meta":{"fifu_image_url":"","fifu_image_alt":"","footnotes":""},"categories":[73,81],"tags":[],"class_list":["post-28250","post","type-post","status-publish","format-standard","hentry","category-actualite","category-burkina-faso"],"_links":{"self":[{"href":"https:\/\/linitiative.ca\/International\/wp-json\/wp\/v2\/posts\/28250","targetHints":{"allow":["GET"]}}],"collection":[{"href":"https:\/\/linitiative.ca\/International\/wp-json\/wp\/v2\/posts"}],"about":[{"href":"https:\/\/linitiative.ca\/International\/wp-json\/wp\/v2\/types\/post"}],"author":[{"embeddable":true,"href":"https:\/\/linitiative.ca\/International\/wp-json\/wp\/v2\/users\/1816"}],"replies":[{"embeddable":true,"href":"https:\/\/linitiative.ca\/International\/wp-json\/wp\/v2\/comments?post=28250"}],"version-history":[{"count":0,"href":"https:\/\/linitiative.ca\/International\/wp-json\/wp\/v2\/posts\/28250\/revisions"}],"wp:attachment":[{"href":"https:\/\/linitiative.ca\/International\/wp-json\/wp\/v2\/media?parent=28250"}],"wp:term":[{"taxonomy":"category","embeddable":true,"href":"https:\/\/linitiative.ca\/International\/wp-json\/wp\/v2\/categories?post=28250"},{"taxonomy":"post_tag","embeddable":true,"href":"https:\/\/linitiative.ca\/International\/wp-json\/wp\/v2\/tags?post=28250"}],"curies":[{"name":"wp","href":"https:\/\/api.w.org\/{rel}","templated":true}]}}