{"id":28252,"date":"2019-04-16T14:18:08","date_gmt":"2019-04-16T18:18:08","guid":{"rendered":"https:\/\/linitiative.ca\/International\/loptic-veut-participer-a-la-mise-en-oeuvre-de-la-strategie-numerique-du-senegal\/"},"modified":"2019-04-16T14:18:08","modified_gmt":"2019-04-16T18:18:08","slug":"loptic-veut-participer-a-la-mise-en-oeuvre-de-la-strategie-numerique-du-senegal","status":"publish","type":"post","link":"https:\/\/linitiative.ca\/International\/loptic-veut-participer-a-la-mise-en-oeuvre-de-la-strategie-numerique-du-senegal\/","title":{"rendered":"L\u2019OPTIC veut participer \u00e0 la mise en \u0153uvre de la strat\u00e9gie num\u00e9rique du S\u00e9n\u00e9gal"},"content":{"rendered":"<div readability=\"32\">\n<p>Publi\u00e9 le 16.04.2019 \u00e0 19h18 par APA News<\/p>\n<\/div>\n<div readability=\"90\">\n<p>Le pr\u00e9sident de l\u2019Organisation des professionnels des TIC (OPTIC), Antoine Ngom, saluant l\u2019arr\u00eat\u00e9 portant cr\u00e9ation des actes et attributions du Comit\u00e9 de pilotage de la strat\u00e9gie num\u00e9rique S\u00e9n\u00e9gal 2025 (SN2025), a d\u00e9plor\u00e9, mardi \u00e0 Dakar, \u00ab la sous repr\u00e9sentativit\u00e9 du secteur priv\u00e9 \u00bb dans ledit comit\u00e9 destin\u00e9 essentiellement aux entreprises priv\u00e9es.\u00ab Comme vous le savez, la strat\u00e9gie SN2025 a \u00e9t\u00e9 \u00e9labor\u00e9e pour le secteur priv\u00e9 et d\u00e8s lors, les entreprises devraient \u00eatre impliqu\u00e9es fortement dans son pilotage et son suivi. De plus, une implication forte du secteur priv\u00e9 permettra une meilleure contribution des entreprises, ce qui constitue un des facteurs cl\u00e9s du succ\u00e8s de sa mise en \u0153uvre \u00bb, a notamment dit M. Ngom.<\/p>\n<p>S\u2019exprimant lors de la c\u00e9r\u00e9monie de lancement officiel de la Strat\u00e9gie d\u2019exportation de services IT-BPO du S\u00e9n\u00e9gal, le pr\u00e9sident d\u2019OPTIC a r\u00e9it\u00e9r\u00e9 au minist\u00e8re en charge de l\u2019Economie num\u00e9rique \u00ab sa disponibilit\u00e9 totale et enti\u00e8re \u00bb \u00e0 jouer sa partition pour r\u00e9ussir le pari de la mise en \u0153uvre de la SN2025.<\/p>\n<p>Antoine Ngom s\u2019est dit, par ailleurs, \u00ab heureux \u00bb de voir que le parc des technologies num\u00e9riques de Diamniadio (p\u00e9riph\u00e9rie de Dakar) a atteint \u00ab sa vitesse de croisi\u00e8re \u00bb. Toutefois, il a invit\u00e9 les acteurs du secteur \u00e0 rester vigilants dans la mise en \u0153uvre de ce projet qui constitue, d\u2019apr\u00e8s lui, une occasion exceptionnelle de cr\u00e9er et de renforcer des champions nationaux.<\/p>\n<p>Le pr\u00e9sident du groupe G\u00e9n\u00e9ral des Syst\u00e8mes d\u2019Information d\u2019Entreprise (GSIE TECHNOLOGY), s\u2019est, en outre, r\u00e9joui de la mise en place du Conseil national du num\u00e9rique qui, \u00ab bien qu\u2019ayant un r\u00f4le consultatif \u00bb, devrait permettre \u00e0 l\u2019autorit\u00e9 d\u2019avoir des avis issus des experts reconnus du secteur et des grandes orientations strat\u00e9giques et sur toute autre question importante.<\/p>\n<p><ins data-revive-zoneid=\"9\" data-revive-id=\"10111e19d28d19d031742ee3b0b33eb0\"\/> <\/p>\n<p>\u00ab Il devra donc \u00eatre le plus repr\u00e9sentatif possible pour faire l\u2019unanimit\u00e9 \u00bb, a-t-il martel\u00e9, invitant la nouvelle ministre de l\u2019Economie num\u00e9rique, Nd\u00e8ye Tick\u00e9 Ndiaye \u00e0 veiller \u00e0 la repr\u00e9sentativit\u00e9 de ce Conseil \u00ab qui est une demande de toutes les parties prenantes du secteur depuis de longues ann\u00e9es \u00bb.<\/p>\n<p>Antoine Ngom a profit\u00e9 de cette tribune du num\u00e9rique pour rappeler que l\u2019Afrique a une grande carte \u00e0 jouer dans la r\u00e9volution num\u00e9rique en cours.<\/p>\n<p>\u00ab Dans les ann\u00e9es \u00e0 venir, l\u2019Afrique devra relever de grands d\u00e9fis qui se posent \u00e0 elle, notamment celui de la d\u00e9mographie. Et la transition num\u00e9rique peut \u00eatre une des solutions pour faire de cette transition d\u00e9mographique une opportunit\u00e9 qui fera de l\u2019Afrique une v\u00e9ritable puissance \u00e9conomique mondiale \u00bb, a-t-il encore dit.<\/p>\n<\/div>\n<p>Auteur: APA News<br \/>\n<a href=\"https:\/\/www.journalducameroun.com\/fr\/loptic-veut-participer-a-la-mise-en-oeuvre-de-la-strategie-numerique-du-senegal\/\">Cliquez ici pour lire l&rsquo;article depuis sa source.<\/a><\/p>\n","protected":false},"excerpt":{"rendered":"<p>Publi\u00e9 le 16.04.2019 \u00e0 19h18 par APA News Le pr\u00e9sident de l\u2019Organisation des professionnels des TIC (OPTIC), Antoine Ngom, saluant l\u2019arr\u00eat\u00e9 portant cr\u00e9ation des actes et attributions du Comit\u00e9 de pilotage de la strat\u00e9gie num\u00e9rique S\u00e9n\u00e9gal 2025 (SN2025), a d\u00e9plor\u00e9, mardi \u00e0 Dakar, \u00ab la sous repr\u00e9sentativit\u00e9 du secteur priv\u00e9 \u00bb dans ledit comit\u00e9 destin\u00e9 [&hellip;]<\/p>\n","protected":false},"author":1965,"featured_media":0,"comment_status":"closed","ping_status":"closed","sticky":false,"template":"","format":"standard","meta":{"fifu_image_url":"","fifu_image_alt":"","footnotes":""},"categories":[73,82],"tags":[],"class_list":["post-28252","post","type-post","status-publish","format-standard","hentry","category-actualite","category-cameroun"],"_links":{"self":[{"href":"https:\/\/linitiative.ca\/International\/wp-json\/wp\/v2\/posts\/28252","targetHints":{"allow":["GET"]}}],"collection":[{"href":"https:\/\/linitiative.ca\/International\/wp-json\/wp\/v2\/posts"}],"about":[{"href":"https:\/\/linitiative.ca\/International\/wp-json\/wp\/v2\/types\/post"}],"author":[{"embeddable":true,"href":"https:\/\/linitiative.ca\/International\/wp-json\/wp\/v2\/users\/1965"}],"replies":[{"embeddable":true,"href":"https:\/\/linitiative.ca\/International\/wp-json\/wp\/v2\/comments?post=28252"}],"version-history":[{"count":0,"href":"https:\/\/linitiative.ca\/International\/wp-json\/wp\/v2\/posts\/28252\/revisions"}],"wp:attachment":[{"href":"https:\/\/linitiative.ca\/International\/wp-json\/wp\/v2\/media?parent=28252"}],"wp:term":[{"taxonomy":"category","embeddable":true,"href":"https:\/\/linitiative.ca\/International\/wp-json\/wp\/v2\/categories?post=28252"},{"taxonomy":"post_tag","embeddable":true,"href":"https:\/\/linitiative.ca\/International\/wp-json\/wp\/v2\/tags?post=28252"}],"curies":[{"name":"wp","href":"https:\/\/api.w.org\/{rel}","templated":true}]}}