{"id":28253,"date":"2019-04-16T15:18:05","date_gmt":"2019-04-16T19:18:05","guid":{"rendered":"https:\/\/linitiative.ca\/International\/le-maroc-une-reponse-probante-aux-defis-agricoles-en-afrique-officiel\/"},"modified":"2019-04-16T15:18:05","modified_gmt":"2019-04-16T19:18:05","slug":"le-maroc-une-reponse-probante-aux-defis-agricoles-en-afrique-officiel","status":"publish","type":"post","link":"https:\/\/linitiative.ca\/International\/le-maroc-une-reponse-probante-aux-defis-agricoles-en-afrique-officiel\/","title":{"rendered":"Le Maroc, \u00ab une r\u00e9ponse probante aux d\u00e9fis \u00bb agricoles en Afrique (Officiel)"},"content":{"rendered":"<div readability=\"32\">\n<p>Publi\u00e9 le 16.04.2019 \u00e0 20h18 par APA News<\/p>\n<\/div>\n<div readability=\"134\">\n<p>Au regard de l\u2019am\u00e9lioration des rendements agricoles et de l\u2019utilisation efficiente des ressources (hydriques, s\u00e9curit\u00e9 alimentaire) du Maroc, l\u2019expertise du royaume ch\u00e9rifien en agriculture \u00ab constitue une r\u00e9ponse probante aux d\u00e9fis du secteur et du continent \u00bb africain, a d\u00e9clar\u00e9 mardi \u00e0 Mekn\u00e8s, une ville du nord du pays, Jaouad Chami, commissaire du Salon international de l\u2019agriculture au Maroc (SIAM).Les propos de M. Chami sont contenus dans un document remis \u00e0 la presse \u00e0 l\u2019ouverture de la 14e \u00e9dition du Salon international de l\u2019agriculture au Maroc (Siam), pr\u00e9sid\u00e9e cet apr\u00e8s-midi \u00e0 Mekn\u00e8s par le prince h\u00e9ritier Moulay El Hassan, fils du roi Mohammed VI.<\/p>\n<p>Cette \u00e9dition du Siam est organis\u00e9e du 16 au 21 avril et a pour th\u00e8me : \u00ab L\u2019agriculture, levier d\u2019emploi et avenir du monde rural \u00bb, avec comme pays invit\u00e9 d\u2019honneur la Suisse.<\/p>\n<p>\u00ab Les avanc\u00e9es concr\u00e9tis\u00e9es gr\u00e2ce au Plan Maroc Vert suscitent des \u00e9mules dans tout le continent, le Maroc ayant chaque fois r\u00e9pondu pr\u00e9sent en partageant son expertise en la mati\u00e8re avec ces pays fr\u00e8res \u00bb, a poursuivi, Jaouad Chami.<\/p>\n<p>Par ailleurs, a not\u00e9 le commissaire Chami, le Siam ambitionne d\u2019apporter sa contribution \u00e0 la r\u00e9flexion autour du renouveau du mod\u00e8le \u00e9conomique marocain, plus particuli\u00e8rement dans sa composante agricole, et ce conform\u00e9ment \u00e0 l\u2019appel du roi Mohammed VI en faveur de l\u2019\u00e9mergence d\u2019une classe moyenne rurale.<\/p>\n<p>\u00ab Multiples facettes \u00bb<\/p>\n<p>En effet, l\u2019organisation th\u00e9matique du Siam porte l\u2019ambition de refl\u00e9ter les multiples facettes de l\u2019agriculture nationale, tout en tissant des passerelles visant \u00e0 \u00e9tayer les compl\u00e9mentarit\u00e9s et synergies entre les diff\u00e9rents pans de ce secteur. Le Salon est \u00e0 ce titre un espace privil\u00e9gi\u00e9 de mise en relation entre les diff\u00e9rents acteurs de la chaine de valeur agricole, avec \u00e0 la cl\u00e9 de r\u00e9elles opportunit\u00e9s aussi bien sur le plan commercial, qu\u2019en termes de d\u00e9veloppement inclusif du secteur, explique le document de presse.<\/p>\n<p>Ce salon rev\u00eat ainsi \u00ab une forte connotation scientifique \u00bb, avec notamment un riche programme de plusieurs dizaines de conf\u00e9rences et rencontres anim\u00e9es par des intervenants de stature nationale et internationale. La singularit\u00e9 du Salon r\u00e9side en effet dans sa vocation en tant que creuset de connaissance, d\u2019expertise et d\u2019\u00e9change autour des probl\u00e9matiques pr\u00e9gnantes de l\u2019agriculture du 21e si\u00e8cle.<\/p>\n<p><ins data-revive-zoneid=\"9\" data-revive-id=\"10111e19d28d19d031742ee3b0b33eb0\"\/> <\/p>\n<p>Dans le d\u00e9tail du programme du Siam 2019, il est pr\u00e9vu, \u00e0 la suite de l\u2019ouverture officielle de ce mardi, des Journ\u00e9es professionnelles entre les 16, 17 et 18 avril prochain.<\/p>\n<p>Il y aura ensuite des Journ\u00e9es mixtes \u00ab Professionnels et Grand Public \u00bb les 19, 20 et 21 avril 2019, avant la cl\u00f4ture pr\u00e9vue dimanche 21 avril \u00e0 18h.<\/p>\n<p>Par ailleurs, le Siam 2019 voit \u00ab pour la premi\u00e8re fois la participation de 5 continents \u00bb, avec la pr\u00e9sence renforc\u00e9e de pays issus d\u2019Asie et d\u2019Am\u00e9rique Latine. Au total, 240 exposants internationaux originaires de 61 pays se sont donn\u00e9 rendez-vous \u00e0 cette \u00e9dition, dont le choix du pays d\u2019honneur est motiv\u00e9 par \u00ab son expertise en mati\u00e8re de d\u00e9veloppement agricole durable et inclusif \u00bb.<\/p>\n<p>La Suisse, invit\u00e9e d\u2019honneur<\/p>\n<p>\u00ab La Suisse, repr\u00e9sent\u00e9e au SIAM par une d\u00e9l\u00e9gation de haut niveau conduite par le Secr\u00e9taire d\u2019Etat Bernard Lehmann, Directeur de l\u2019Office F\u00e9d\u00e9ral de l\u2019Agriculture, abritera en son pavillon 13 entreprises suisses et non des moindres : Nestl\u00e9, El\u00e9phant Vert, Swissport, Givaudan, ABB, Buhler, Cotecna, Panalpina, SGS, Sicpa \u2013 Sika, Syngenta, CleantechAlps \u00bb, a soulign\u00e9 le document.<\/p>\n<p>En 2018, lors de sa 13e \u00e9dition, le Siam \u00e9tait plac\u00e9 sous le th\u00e8me \u00ab Logistique et march\u00e9 agricole \u00bb et avait accueilli la Hollande comme pays d\u2019honneur, en raison de son r\u00f4le historique dans le d\u00e9veloppement du commerce international : \u00ab Le mod\u00e8le hollandais \u00e9tant parmi les plus efficients en mati\u00e8re d\u2019\u00e9conomie agricole \u00bb, renseigne le document.<\/p>\n<\/div>\n<p>Auteur: APA News<br \/>\n<a href=\"https:\/\/www.journalducameroun.com\/fr\/le-maroc-une-reponse-probante-aux-defis-agricoles-en-afrique-officiel\/\">Cliquez ici pour lire l&rsquo;article depuis sa source.<\/a><\/p>\n","protected":false},"excerpt":{"rendered":"<p>Publi\u00e9 le 16.04.2019 \u00e0 20h18 par APA News Au regard de l\u2019am\u00e9lioration des rendements agricoles et de l\u2019utilisation efficiente des ressources (hydriques, s\u00e9curit\u00e9 alimentaire) du Maroc, l\u2019expertise du royaume ch\u00e9rifien en agriculture \u00ab constitue une r\u00e9ponse probante aux d\u00e9fis du secteur et du continent \u00bb africain, a d\u00e9clar\u00e9 mardi \u00e0 Mekn\u00e8s, une ville du nord [&hellip;]<\/p>\n","protected":false},"author":1965,"featured_media":0,"comment_status":"closed","ping_status":"closed","sticky":false,"template":"","format":"standard","meta":{"fifu_image_url":"","fifu_image_alt":"","footnotes":""},"categories":[73,82],"tags":[],"class_list":["post-28253","post","type-post","status-publish","format-standard","hentry","category-actualite","category-cameroun"],"_links":{"self":[{"href":"https:\/\/linitiative.ca\/International\/wp-json\/wp\/v2\/posts\/28253","targetHints":{"allow":["GET"]}}],"collection":[{"href":"https:\/\/linitiative.ca\/International\/wp-json\/wp\/v2\/posts"}],"about":[{"href":"https:\/\/linitiative.ca\/International\/wp-json\/wp\/v2\/types\/post"}],"author":[{"embeddable":true,"href":"https:\/\/linitiative.ca\/International\/wp-json\/wp\/v2\/users\/1965"}],"replies":[{"embeddable":true,"href":"https:\/\/linitiative.ca\/International\/wp-json\/wp\/v2\/comments?post=28253"}],"version-history":[{"count":0,"href":"https:\/\/linitiative.ca\/International\/wp-json\/wp\/v2\/posts\/28253\/revisions"}],"wp:attachment":[{"href":"https:\/\/linitiative.ca\/International\/wp-json\/wp\/v2\/media?parent=28253"}],"wp:term":[{"taxonomy":"category","embeddable":true,"href":"https:\/\/linitiative.ca\/International\/wp-json\/wp\/v2\/categories?post=28253"},{"taxonomy":"post_tag","embeddable":true,"href":"https:\/\/linitiative.ca\/International\/wp-json\/wp\/v2\/tags?post=28253"}],"curies":[{"name":"wp","href":"https:\/\/api.w.org\/{rel}","templated":true}]}}