{"id":28254,"date":"2019-04-16T15:18:08","date_gmt":"2019-04-16T19:18:08","guid":{"rendered":"https:\/\/linitiative.ca\/International\/recrutement-exceptionnel-denseignants-le-delai-de-depot-des-dossiers-des-candidats-preinscrits-proroge-au-18-avril\/"},"modified":"2019-04-16T15:18:08","modified_gmt":"2019-04-16T19:18:08","slug":"recrutement-exceptionnel-denseignants-le-delai-de-depot-des-dossiers-des-candidats-preinscrits-proroge-au-18-avril","status":"publish","type":"post","link":"https:\/\/linitiative.ca\/International\/recrutement-exceptionnel-denseignants-le-delai-de-depot-des-dossiers-des-candidats-preinscrits-proroge-au-18-avril\/","title":{"rendered":"Recrutement exceptionnel d\u2019enseignants: le d\u00e9lai de d\u00e9p\u00f4t des dossiers des candidats pr\u00e9inscrits prorog\u00e9 au 18 avril"},"content":{"rendered":"<div readability=\"32\">\n<p>Publi\u00e9 le 16.04.2019 \u00e0 20h18 par APA News<\/p>\n<\/div>\n<div readability=\"63\">\n<p>Le d\u00e9lai de d\u00e9p\u00f4t des dossiers des candidats pr\u00e9inscrits pour les trois concours de recrutement exceptionnel de 10.300 enseignants contractuels lanc\u00e9 par le gouvernement ivoirien est prorog\u00e9 au 18 avril 2019, a appris APA mardi de bonne source dans la capitale \u00e9conomique ivoirienne.Cette prorogation du d\u00e9lai de d\u00e9p\u00f4t des dossiers dans les Directions r\u00e9gionales et d\u00e9partementales de l\u2019\u00e9ducation nationale (DREN\/DDEN) concerne notamment les candidats pr\u00e9inscrits ayant d\u00e9j\u00e0 d\u00e9pos\u00e9 leur demande d\u2019authentification aupr\u00e8s de la Poste de C\u00f4te d\u2019Ivoire.<\/p>\n<p>Selon le chronogramme \u00e9tabli par la Direction des examens et concours de C\u00f4te d\u2019Ivoire (DECO), la p\u00e9riode d\u2019inscription devrait s\u2019\u00e9tendre du 18 mars au 07 avril 2019. La liste des candidats autoris\u00e9s \u00e0 concourir devrait \u00eatre publi\u00e9e sur le site de la DECO le jeudi 18 avril 2019.<\/p>\n<p>Les enseignants contractuels adjoints, du pr\u00e9scolaire et du primaire entament les \u00e9preuves \u00e9crites le dimanche 28 avril 2019. Les tests psycho- technique pour les enseignants contractuels bivalents sont pr\u00e9vus le samedi 04 mai et le dimanche 05 mai le test-psychotechnique pour les enseignants contractuels de lyc\u00e9e.<\/p>\n<p><ins data-revive-zoneid=\"9\" data-revive-id=\"10111e19d28d19d031742ee3b0b33eb0\"\/> <\/p>\n<p>Ces recrutements exceptionnels visent \u00e0 combler le d\u00e9ficit en enseignants dans le pr\u00e9scolaire, le primaire et dans le secondaire\u00bb dans le pays avec 10.300 postes \u00e0 pourvoir et r\u00e9partis comme suit : 5.300 enseignants contractuels adjoints du pr\u00e9scolaire et du primaire, 3.000 enseignants contractuels de coll\u00e8ge et 2.000 enseignants contractuels de lyc\u00e9e.<\/p>\n<p>Dans son message \u00e0 la Nation du 31 d\u00e9cembre 2018, le pr\u00e9sident Alassane Ouattara, a annonc\u00e9 le recrutement \u00e0 titre exceptionnel, de dix mille trois cents enseignants contractuels pour le pr\u00e9scolaire, le primaire et le secondaire. Ces recrutements interviennent dans le cadre du programme social du gouvernement (PS Gouv).<\/p>\n<\/div>\n<p>Auteur: APA News<br \/>\n<a href=\"https:\/\/www.journalducameroun.com\/fr\/recrutement-exceptionnel-denseignants-le-delai-de-depot-des-dossiers-des-candidats-preinscrits-proroge-au-18-avril\/\">Cliquez ici pour lire l&rsquo;article depuis sa source.<\/a><\/p>\n","protected":false},"excerpt":{"rendered":"<p>Publi\u00e9 le 16.04.2019 \u00e0 20h18 par APA News Le d\u00e9lai de d\u00e9p\u00f4t des dossiers des candidats pr\u00e9inscrits pour les trois concours de recrutement exceptionnel de 10.300 enseignants contractuels lanc\u00e9 par le gouvernement ivoirien est prorog\u00e9 au 18 avril 2019, a appris APA mardi de bonne source dans la capitale \u00e9conomique ivoirienne.Cette prorogation du d\u00e9lai de [&hellip;]<\/p>\n","protected":false},"author":1965,"featured_media":0,"comment_status":"closed","ping_status":"closed","sticky":false,"template":"","format":"standard","meta":{"fifu_image_url":"","fifu_image_alt":"","footnotes":""},"categories":[73,82],"tags":[],"class_list":["post-28254","post","type-post","status-publish","format-standard","hentry","category-actualite","category-cameroun"],"_links":{"self":[{"href":"https:\/\/linitiative.ca\/International\/wp-json\/wp\/v2\/posts\/28254","targetHints":{"allow":["GET"]}}],"collection":[{"href":"https:\/\/linitiative.ca\/International\/wp-json\/wp\/v2\/posts"}],"about":[{"href":"https:\/\/linitiative.ca\/International\/wp-json\/wp\/v2\/types\/post"}],"author":[{"embeddable":true,"href":"https:\/\/linitiative.ca\/International\/wp-json\/wp\/v2\/users\/1965"}],"replies":[{"embeddable":true,"href":"https:\/\/linitiative.ca\/International\/wp-json\/wp\/v2\/comments?post=28254"}],"version-history":[{"count":0,"href":"https:\/\/linitiative.ca\/International\/wp-json\/wp\/v2\/posts\/28254\/revisions"}],"wp:attachment":[{"href":"https:\/\/linitiative.ca\/International\/wp-json\/wp\/v2\/media?parent=28254"}],"wp:term":[{"taxonomy":"category","embeddable":true,"href":"https:\/\/linitiative.ca\/International\/wp-json\/wp\/v2\/categories?post=28254"},{"taxonomy":"post_tag","embeddable":true,"href":"https:\/\/linitiative.ca\/International\/wp-json\/wp\/v2\/tags?post=28254"}],"curies":[{"name":"wp","href":"https:\/\/api.w.org\/{rel}","templated":true}]}}