{"id":28255,"date":"2019-04-16T15:18:10","date_gmt":"2019-04-16T19:18:10","guid":{"rendered":"https:\/\/linitiative.ca\/International\/des-milliers-de-soudanais-continuent-la-mobilisation-pour-un-gouvernement-civil\/"},"modified":"2019-04-16T15:18:10","modified_gmt":"2019-04-16T19:18:10","slug":"des-milliers-de-soudanais-continuent-la-mobilisation-pour-un-gouvernement-civil","status":"publish","type":"post","link":"https:\/\/linitiative.ca\/International\/des-milliers-de-soudanais-continuent-la-mobilisation-pour-un-gouvernement-civil\/","title":{"rendered":"Des milliers de Soudanais continuent la mobilisation pour un gouvernement civil"},"content":{"rendered":"<div readability=\"32\">\n<p>Publi\u00e9 le 16.04.2019 \u00e0 20h18 par APA News<\/p>\n<\/div>\n<div readability=\"64\">\n<p>Des milliers de manifestants continuent d\u2019assi\u00e9ger la zone pr\u00e8s du quartier g\u00e9n\u00e9ral de l\u2019arm\u00e9e soudanaise \u00e0 Khartoum, demandant au conseil militaire de remettre le pouvoir \u00e0 un gouvernement civil.Ils ont ainsi \u00e9voqu\u00e9 le r\u00f4le des militaires dans la mort de plusieurs personnes au cours des manifestations qui ont dur\u00e9 quatre mois et ont demand\u00e9 que justice leur soit rendue.<\/p>\n<p>\u00ab Nous voulons un gouvernement civil et tous les membres des forces de s\u00e9curit\u00e9 qui ont tu\u00e9 des manifestants doivent \u00eatre traduits en justice \u00bb, a d\u00e9clar\u00e9 un manifestant interrog\u00e9 par APA.<\/p>\n<p>\u00ab Lorsque nous sommes descendus dans la rue, nos revendications concernaient la justice et la fin de tout le r\u00e9gime de Bashir\u00bb, a-t-il ajout\u00e9.<\/p>\n<p>\u00ab Nous continuons le mouvement afin que notre r\u00e9volution ne soit pas vol\u00e9e \u00bb, a indiqu\u00e9 un autre manifestant.<\/p>\n<p><ins data-revive-zoneid=\"9\" data-revive-id=\"10111e19d28d19d031742ee3b0b33eb0\"\/> <\/p>\n<p>La semaine derni\u00e8re, l\u2019arm\u00e9e soudanaise a renvers\u00e9 le pr\u00e9sident Omar El Bechir et l\u2019a mis en d\u00e9tention apr\u00e8s que des centaines de milliers de personnes ont occup\u00e9 les rues principales menant au QG de l\u2019arm\u00e9e \u00e0 Khartoum.<\/p>\n<p>Le lieutenant-g\u00e9n\u00e9ral Awad Ibn Auf, ancien ministre soudanais de la D\u00e9fense, est apparu comme le chef du coup d\u2019Etat avant d\u2019\u00eatre contraint de se retirer du conseil militaire cr\u00e9\u00e9 pour diriger le pays.<\/p>\n<p>Son successeur, le lieutenant-g\u00e9n\u00e9ral Abdou-Alfatah Al-Borhany a depuis form\u00e9 un nouveau conseil de transition charg\u00e9 de diriger le pays pendant deux ans.<\/p>\n<\/div>\n<p>Auteur: APA News<br \/>\n<a href=\"https:\/\/www.journalducameroun.com\/fr\/des-milliers-de-soudanais-continuent-la-mobilisation-pour-un-gouvernement-civil\/\">Cliquez ici pour lire l&rsquo;article depuis sa source.<\/a><\/p>\n","protected":false},"excerpt":{"rendered":"<p>Publi\u00e9 le 16.04.2019 \u00e0 20h18 par APA News Des milliers de manifestants continuent d\u2019assi\u00e9ger la zone pr\u00e8s du quartier g\u00e9n\u00e9ral de l\u2019arm\u00e9e soudanaise \u00e0 Khartoum, demandant au conseil militaire de remettre le pouvoir \u00e0 un gouvernement civil.Ils ont ainsi \u00e9voqu\u00e9 le r\u00f4le des militaires dans la mort de plusieurs personnes au cours des manifestations qui [&hellip;]<\/p>\n","protected":false},"author":1965,"featured_media":0,"comment_status":"closed","ping_status":"closed","sticky":false,"template":"","format":"standard","meta":{"fifu_image_url":"","fifu_image_alt":"","footnotes":""},"categories":[73,82],"tags":[],"class_list":["post-28255","post","type-post","status-publish","format-standard","hentry","category-actualite","category-cameroun"],"_links":{"self":[{"href":"https:\/\/linitiative.ca\/International\/wp-json\/wp\/v2\/posts\/28255","targetHints":{"allow":["GET"]}}],"collection":[{"href":"https:\/\/linitiative.ca\/International\/wp-json\/wp\/v2\/posts"}],"about":[{"href":"https:\/\/linitiative.ca\/International\/wp-json\/wp\/v2\/types\/post"}],"author":[{"embeddable":true,"href":"https:\/\/linitiative.ca\/International\/wp-json\/wp\/v2\/users\/1965"}],"replies":[{"embeddable":true,"href":"https:\/\/linitiative.ca\/International\/wp-json\/wp\/v2\/comments?post=28255"}],"version-history":[{"count":0,"href":"https:\/\/linitiative.ca\/International\/wp-json\/wp\/v2\/posts\/28255\/revisions"}],"wp:attachment":[{"href":"https:\/\/linitiative.ca\/International\/wp-json\/wp\/v2\/media?parent=28255"}],"wp:term":[{"taxonomy":"category","embeddable":true,"href":"https:\/\/linitiative.ca\/International\/wp-json\/wp\/v2\/categories?post=28255"},{"taxonomy":"post_tag","embeddable":true,"href":"https:\/\/linitiative.ca\/International\/wp-json\/wp\/v2\/tags?post=28255"}],"curies":[{"name":"wp","href":"https:\/\/api.w.org\/{rel}","templated":true}]}}