{"id":28256,"date":"2019-04-16T15:50:02","date_gmt":"2019-04-16T19:50:02","guid":{"rendered":"https:\/\/linitiative.ca\/International\/notre-dame-main-dans-la-main-ils-ont-tente-de-sauver-un-tresor-inestimable\/"},"modified":"2019-04-16T15:50:02","modified_gmt":"2019-04-16T19:50:02","slug":"notre-dame-main-dans-la-main-ils-ont-tente-de-sauver-un-tresor-inestimable","status":"publish","type":"post","link":"https:\/\/linitiative.ca\/International\/notre-dame-main-dans-la-main-ils-ont-tente-de-sauver-un-tresor-inestimable\/","title":{"rendered":"Notre-Dame: main dans la main, ils ont tent\u00e9 de sauver un \u00ab\u00a0tr\u00e9sor inestimable\u00a0\u00bb"},"content":{"rendered":"<div readability=\"32\">\n<p>Publi\u00e9 le 16.04.2019 \u00e0 20h50 par AFP<\/p>\n<\/div>\n<div readability=\"155\">\n<p>Couronne d\u2019\u00e9pines, tunique de Saint Louis, reliquaires, fauteuils, tableaux\u2026 Alors que Notre-Dame de Paris br\u00fble encore, pompiers, policiers et agents de la Ville de Paris s\u2019\u00e9chinaient lundi soir \u00e0 sauver le \u00ab\u00a0tr\u00e9sor inestimable\u00a0\u00bb de la cath\u00e9drale, d\u00e9vast\u00e9e.<\/p>\n<p>\u00ab\u00a0On a commenc\u00e9 \u00e0 \u00eatre affol\u00e9s parce qu\u2019on a senti le roussi, pas parce qu\u2019on a vu les flammes\u00a0\u00bb, explique \u00e0 l\u2019AFP le vicaire g\u00e9n\u00e9ral du dioc\u00e8se de Paris, Mgr Philippe Marsset.<\/p>\n<p>Lorsque les premi\u00e8res fum\u00e9es se d\u00e9gagent dans le ciel, la maire de Paris Anne Hidalgo est en r\u00e9union avec son \u00e9quipe, dans son bureau de l\u2019H\u00f4tel de Ville, \u00e0 quelques encablures de l\u2019\u00e9difice construit entre le XIIe et le XIVe si\u00e8cle.<\/p>\n<p>Sur place, \u00e0 peine une heure apr\u00e8s le d\u00e9part du feu qui d\u00e9vore la toiture du b\u00e2timent le plus visit\u00e9 d\u2019Europe, \u00ab\u00a0le g\u00e9n\u00e9ral Jean-Claude Gallet (chef de la Brigade des sapeurs-pompiers de Paris, Ndlr) nous explique que ce sera tr\u00e8s difficile de sauver la charpente, mais que la priorit\u00e9 sera de sauver des \u0153uvres\u00a0\u00bb, rapporte \u00e0 l\u2019AFP l\u2019entourage de Mme Hidalgo.<\/p>\n<p>Services de la mairie, pr\u00e9fecture de police, pompiers, architectes, conservateurs du Louvre se mettent alors en ordre de bataille pour sauver les \u0153uvres charni\u00e8res.<\/p>\n<p>\u00ab\u00a0Les conservateurs de patrimoine avaient un plan de pr\u00e9vention qui indiquait dans chaque pi\u00e8ce de l\u2019\u00e9difice, celles qui \u00e9taient les plus importantes\u00a0\u00bb, rapporte l\u2019entourage de la maire.<\/p>\n<p>Mardi matin, le recteur de la cath\u00e9drale, Mgr Patrick Chauvet, est encore \u00e9mu en pensant aux \u00ab\u00a0services de l\u2019\u00c9tat\u00a0\u00bb, policiers et pompiers, architectes et conservateurs, arriv\u00e9s en quelques minutes \u00ab\u00a0et qui, second\u00e9s par quelques personnes de la cath\u00e9drale et des \u00e9quipes de la Ville de Paris, ont ouvert une porte\u00a0\u00bb et facilit\u00e9 les op\u00e9rations.<\/p>\n<p>Les \u0153uvres sont alors \u00e9vacu\u00e9es les unes apr\u00e8s les autres, derri\u00e8re la cath\u00e9drale, l\u00e0 o\u00f9 des v\u00e9hicules des agents de la Ville de Paris les attendent pour les emmener \u00e0 quelques centaines de m\u00e8tres.<\/p>\n<p>Anne Hidalgo a salu\u00e9 \u00ab\u00a0une formidable cha\u00eene humaine (qui) s\u2019est constitu\u00e9e entre les pompiers, policiers et agents municipaux\u00a0\u00bb sur 200 m\u00e8tres pour \u00ab\u00a0sauver plusieurs dizaines d\u2019\u0153uvres\u00a0\u00bb dont \u00ab\u00a0la couronne d\u2019\u00e9pines et la tunique de Saint Louis\u00a0\u00bb.<\/p>\n<p>\u2013 \u00ab\u00a0Comme une transplantation\u00a0\u00bb \u2013<\/p>\n<p><ins data-revive-zoneid=\"9\" data-revive-id=\"10111e19d28d19d031742ee3b0b33eb0\"\/> <\/p>\n<p>Pour l\u2019adjoint charg\u00e9 de la Culture \u00e0 la mairie, Christophe Girard, \u00ab\u00a0c\u2019\u00e9tait comme si on transportait un c\u0153ur pour une transplantation\u00a0\u00bb.<\/p>\n<p>\u00ab\u00a0Ils ont accept\u00e9 au risque de leur vie de prot\u00e9ger ce tr\u00e9sor inestimable\u00a0\u00bb, rel\u00e8ve Mgr Patrick Chauvet. \u00ab\u00a0Des policiers portaient des croix, des pompiers d\u2019\u00e9normes cierges, des tableaux\u00a0\u00bb, rel\u00e8ve une source proche de la maire.<\/p>\n<p>\u00ab\u00a0Un moment magique\u00a0\u00bb, avec \u00ab\u00a0quelque chose de totalement d\u00e9cal\u00e9\u00a0\u00bb qui se joue alors que \u00ab\u00a0pompiers sont autour avec des lances incendie\u00a0\u00bb. Non loin, impressionn\u00e9s, \u00ab\u00a0plusieurs policiers se prennent en photo pour garder en souvenir ce qu\u2019ils portent\u00a0\u00bb, rapporte un t\u00e9moin de la sc\u00e8ne.<\/p>\n<p>A leur arriv\u00e9e \u00e0 l\u2019H\u00f4tel de Ville, dans les trois camions d\u00e9p\u00each\u00e9s par la mairie, \u00ab\u00a0\u00e7a sent le br\u00fbl\u00e9\u00a0\u00bb, raconte \u00e0 l\u2019AFP Justine Heller, 29 ans, et inspectrice de s\u00e9curit\u00e9 \u00e0 la Ville de Paris (ISVP).<\/p>\n<p>Un \u00e0 un, les objets sont extraits des camions \u00e0 l\u2019aide de couvertures, et d\u00e9pos\u00e9s dans la salle Saint-Jean, consacr\u00e9e aux expositions \u00e0 l\u2019H\u00f4tel de Ville.<\/p>\n<p>\u00ab\u00a0Qui a fait ces objets vieux de centaines de si\u00e8cles ? Qui a pu les toucher ? Qui s\u2019est assis sur ce fauteuil?\u00a0\u00bb Dans la t\u00eate de Justine Heller, qui porte \u00e0 bout de bras des chandeliers de 2 m\u00e8tres de haut et un tableau de valeur, les questions se bousculent, mais elle se sent \u00ab\u00a0honor\u00e9e\u00a0\u00bb qu\u2019on lui confie la mission de s\u00e9curisation.<\/p>\n<p>Quelques heures plus tard, les pi\u00e8ces repartiront une nouvelle fois, en direction du Louvre pour \u00eatre mises \u00e0 l\u2019abri.<\/p>\n<p>Et Christophe Girard de citer ces quelques mots de Victor Hugo sur la cath\u00e9drale: \u00ab\u00a0C\u2019est une grande flamme d\u00e9sordonn\u00e9e et furieuse qui peut na\u00eetre dans Notre-Dame\u00a0\u00bb.<\/p>\n<\/div>\n<p>Auteur: AFP<br \/>\n<a href=\"https:\/\/www.journalducameroun.com\/fr\/notre-dame-main-dans-la-main-ils-ont-tente-de-sauver-un-tresor-inestimable\/\">Cliquez ici pour lire l&rsquo;article depuis sa source.<\/a><\/p>\n","protected":false},"excerpt":{"rendered":"<p>Publi\u00e9 le 16.04.2019 \u00e0 20h50 par AFP Couronne d\u2019\u00e9pines, tunique de Saint Louis, reliquaires, fauteuils, tableaux\u2026 Alors que Notre-Dame de Paris br\u00fble encore, pompiers, policiers et agents de la Ville de Paris s\u2019\u00e9chinaient lundi soir \u00e0 sauver le \u00ab\u00a0tr\u00e9sor inestimable\u00a0\u00bb de la cath\u00e9drale, d\u00e9vast\u00e9e. \u00ab\u00a0On a commenc\u00e9 \u00e0 \u00eatre affol\u00e9s parce qu\u2019on a senti le [&hellip;]<\/p>\n","protected":false},"author":1965,"featured_media":0,"comment_status":"closed","ping_status":"closed","sticky":false,"template":"","format":"standard","meta":{"fifu_image_url":"","fifu_image_alt":"","footnotes":""},"categories":[73,82],"tags":[],"class_list":["post-28256","post","type-post","status-publish","format-standard","hentry","category-actualite","category-cameroun"],"_links":{"self":[{"href":"https:\/\/linitiative.ca\/International\/wp-json\/wp\/v2\/posts\/28256","targetHints":{"allow":["GET"]}}],"collection":[{"href":"https:\/\/linitiative.ca\/International\/wp-json\/wp\/v2\/posts"}],"about":[{"href":"https:\/\/linitiative.ca\/International\/wp-json\/wp\/v2\/types\/post"}],"author":[{"embeddable":true,"href":"https:\/\/linitiative.ca\/International\/wp-json\/wp\/v2\/users\/1965"}],"replies":[{"embeddable":true,"href":"https:\/\/linitiative.ca\/International\/wp-json\/wp\/v2\/comments?post=28256"}],"version-history":[{"count":0,"href":"https:\/\/linitiative.ca\/International\/wp-json\/wp\/v2\/posts\/28256\/revisions"}],"wp:attachment":[{"href":"https:\/\/linitiative.ca\/International\/wp-json\/wp\/v2\/media?parent=28256"}],"wp:term":[{"taxonomy":"category","embeddable":true,"href":"https:\/\/linitiative.ca\/International\/wp-json\/wp\/v2\/categories?post=28256"},{"taxonomy":"post_tag","embeddable":true,"href":"https:\/\/linitiative.ca\/International\/wp-json\/wp\/v2\/tags?post=28256"}],"curies":[{"name":"wp","href":"https:\/\/api.w.org\/{rel}","templated":true}]}}