{"id":28257,"date":"2019-04-16T15:50:03","date_gmt":"2019-04-16T19:50:03","guid":{"rendered":"https:\/\/linitiative.ca\/International\/des-chenes-pour-notre-dame-la-foret-francaise-se-mobilise\/"},"modified":"2019-04-16T15:50:03","modified_gmt":"2019-04-16T19:50:03","slug":"des-chenes-pour-notre-dame-la-foret-francaise-se-mobilise","status":"publish","type":"post","link":"https:\/\/linitiative.ca\/International\/des-chenes-pour-notre-dame-la-foret-francaise-se-mobilise\/","title":{"rendered":"Des ch\u00eanes pour Notre-Dame: la for\u00eat fran\u00e7aise se mobilise"},"content":{"rendered":"<p>Sa charpente \u00e9tait surnomm\u00e9e la \u00ab\u00a0for\u00eat\u00a0\u00bb, et les for\u00eats fran\u00e7aises de grands ch\u00eanes s\u00e9culaires s\u2019appellent des \u00ab\u00a0for\u00eats cath\u00e9drales\u00a0\u00bb: entre Notre-Dame et les charpentiers, un lien mill\u00e9naire est parti en fum\u00e9e mais la fili\u00e8re bois faisait assaut de propositions mardi pour la reconstruction.<\/p>\n<p>Les cendres du toit o\u00f9 vivait le sonneur de cloches Quasimodo, personnage de Victor Hugo, n\u2019\u00e9taient pas encore refroidies qu\u2019une id\u00e9e a surgi: que chaque propri\u00e9taire forestier en France donne un ch\u00eane pour la reconstruction, \u00e0 l\u2019initiative de la fondation Fransylva, qui regroupe les 3,5 millions de propri\u00e9taires priv\u00e9s de for\u00eats en France.<\/p>\n<p>En fin de matin\u00e9e, l\u2019assureur Groupama, investisseur institutionnel et propri\u00e9taire terrien, a \u00e9galement \u00ab\u00a0offert\u00a0\u00bb les 1.300 ch\u00eanes centenaires n\u00e9cessaires \u00e0 une reconstruction \u00e0 l\u2019identique, pr\u00e9lev\u00e9s dans ses for\u00eats normandes.<\/p>\n<p>Le syndicat fili\u00e8re bois (SFB) qui regroupe les exploitants forestiers, a rench\u00e9ri en s\u2019engageant \u00e0 r\u00e9server ses \u00ab\u00a0plus beaux ch\u00eanes\u00a0\u00bb pour le chantier.<\/p>\n<p>\u00ab\u00a0Nous ne savons encore si la reconstruction se fera \u00e0 l\u2019identique, mais bien \u00e9videmment les for\u00eats fran\u00e7aises, publiques et priv\u00e9es, sont mobilis\u00e9es\u00a0\u00bb pour ce joyau de l\u2019architecture m\u00e9di\u00e9vale, a r\u00e9sum\u00e9 \u00e0 l\u2019AFP Michel Druilhe, pr\u00e9sident de l\u2019interprofession France Bois For\u00eat.<\/p>\n<p>La fili\u00e8re avait d\u00e9j\u00e0 offert des ch\u00eanes pour la reconstruction du Parlement de Bretagne, refait \u00e0 l\u2019identique apr\u00e8s l\u2019incendie de 1994. D\u2019autres \u00e9difices subissant des incendies ont choisi de remplacer les charpentes de bois par du b\u00e9ton, comme la cath\u00e9drale de Reims, pour \u00e9viter les incendies.<\/p>\n<p>\u2013 Coordination \u2013<\/p>\n<p>Compos\u00e9e d\u2019un enchev\u00eatrement de poutres massives de dimensions impressionnantes, plusieurs fois r\u00e9nov\u00e9e depuis le XIIe si\u00e8cle, la charpente de Notre-Dame \u00e9tait constitu\u00e9e de \u00ab\u00a0ch\u00eanes d\u2019Ile-de-France\u00a0\u00bb \u00e2g\u00e9s d\u00e9j\u00e0 de 100 \u00e0 150 ans au moment de la construction de l\u2019\u00e9difice, explique M. Druilhe.<\/p>\n<p>\u00ab\u00a0A l\u2019exception d\u2019un incendie, cette structure exceptionnelle \u00e9tait indestructible par la r\u00e9sistance et la l\u00e9g\u00e8ret\u00e9 du mat\u00e9riau\u00a0\u00bb, le bois, dit-il.<\/p>\n<p>Hasard du calendrier, l\u2019interprofession, qui regroupe tous les acteurs de la fili\u00e8re bois, propri\u00e9taires priv\u00e9s, Office national des for\u00eat (ONF), entreprises de scierie, de construction etc., tient son assembl\u00e9e g\u00e9n\u00e9rale annuelle mercredi.<\/p>\n<p>Jacky Favret, qui pr\u00e9side l\u2019union r\u00e9gionale des communes foresti\u00e8res de Bourgogne-Franche-Comt\u00e9, compte bien plaider pour la mise en place d\u2019une \u00ab\u00a0coordination nationale\u00a0\u00bb pour r\u00e9colter et stocker les meilleurs ch\u00eanes.<\/p>\n<p>Malgr\u00e9 l\u2019afflux de propositions, le premier producteur fran\u00e7ais de bois de ch\u00eane, le groupe Charlois, s\u2019inqui\u00e8te d\u2019un manque de disponibilit\u00e9. \u00ab\u00a0Il n\u2019y a pas en France des stocks de bois d\u00e9j\u00e0 sci\u00e9s disponibles pour un tel chantier\u00a0\u00bb, a dit son patron Sylvain Charlois \u00e0 l\u2019AFP.<\/p>\n<p><ins data-revive-zoneid=\"9\" data-revive-id=\"10111e19d28d19d031742ee3b0b33eb0\"\/> <\/p>\n<p>M. Druilhe s\u2019est quant \u00e0 lui voulu rassurant, soulignant que la reconstruction n\u2019aura pas lieu avant \u00ab\u00a0des mois, voire des ann\u00e9es\u00a0\u00bb. Quelque \u00ab\u00a01,5 million de m\u00e8tres cubes de ch\u00eanes sont sci\u00e9s chaque ann\u00e9e en France\u00a0\u00bb, a-t-il ajout\u00e9. De quoi recouvrir plusieurs cath\u00e9drales.<\/p>\n<p>\u00ab\u00a0Si la France peut proposer des ch\u00eanes fran\u00e7ais, c\u2019est gr\u00e2ce \u00e0 la disponibilit\u00e9 dans les for\u00eats d\u2019Orl\u00e9ans, de l\u2019Allier, de Bourgogne, du Grand-Est, de Normandie ou d\u2019Ile-de-France comme Montmorency et Compi\u00e8gne\u00a0\u00bb, a-t-il salu\u00e9.<\/p>\n<p>\u2013 For\u00eats-cath\u00e9drales \u2013<\/p>\n<p>Soit au total plusieurs millions d\u2019hectares de ch\u00eanes, sur les 17 millions d\u2019hectares de for\u00eats que compte la France.<\/p>\n<p>Les sp\u00e9cialistes du bois saluent aussi particuli\u00e8rement la gestion durable de la for\u00eat fran\u00e7aise, c\u2019est-\u00e0-dire son exploitation, sa surveillance et des plantations r\u00e9guli\u00e8res pour la r\u00e9g\u00e9n\u00e9rer.<\/p>\n<p>Pour \u00eatre utilis\u00e9 sur le chantier de reconstruction, les ch\u00eanes devront avoir \u00e9t\u00e9 plant\u00e9s au plus tard au XIXe si\u00e8cle.<\/p>\n<p>\u00ab\u00a0La mati\u00e8re premi\u00e8re est la m\u00eame qu\u2019il y a mille ans. La qualit\u00e9 des ch\u00eanes utilis\u00e9s sous Saint-Louis est la m\u00eame qu\u2019aujourd\u2019hui. Notre sylviculture est la m\u00eame: on n\u2019utilise pas d\u2019engrais ni de produits phytosanitaires\u00a0\u00bb, dit Jean-Etienne Rime, pr\u00e9sident de Fransylva.<\/p>\n<p>Les \u00ab\u00a0for\u00eats-cath\u00e9drales\u00a0\u00bb, constitu\u00e9es d\u2019arbres de taille homog\u00e8nes et similaires, \u00ab\u00a0sont appel\u00e9es ainsi car ce sont des sites grandioses avec des arbres majestueux, mais aussi parce que sans la main de l\u2019homme, elles n\u2019existeraient pas\u00a0\u00bb, explique M. Druilhe. \u00ab\u00a0Elles sont le fruit de la nature et d\u2019un lent et patient travail\u00a0\u00bb de r\u00e9g\u00e9n\u00e9ration et d\u2019entretien.<\/p>\n<p>Un filon bien exploit\u00e9 par la Chine qui ach\u00e8te chaque ann\u00e9e 500.000 m\u00e8tres cubes de ch\u00eane \u00e0 la France, sur les deux millions de m\u00e8tres cubes produits.<\/p>\n<p>\u00ab\u00a0Si l\u2019incendie de Notre-Dame pouvait au moins faire prendre conscience aux acteurs du commerce du bois que le ch\u00eane est un bien pr\u00e9cieux et qu\u2019il faut le conserver en France o\u00f9 il est utilis\u00e9 dans la d\u00e9coration int\u00e9rieure et le b\u00e2timent\u00a0\u00bb, s\u2019\u00e9crie M. Druilhe. D\u2019autant qu\u2019une partie du ch\u00eane revient en France sous forme de\u2026parquet.<\/p>\n<p>Auteur: AFP<br \/>\n<a href=\"https:\/\/www.journalducameroun.com\/fr\/des-chenes-pour-notre-dame-la-foret-francaise-se-mobilise\/\">Cliquez ici pour lire l&rsquo;article depuis sa source.<\/a><\/p>\n","protected":false},"excerpt":{"rendered":"<p>Sa charpente \u00e9tait surnomm\u00e9e la \u00ab\u00a0for\u00eat\u00a0\u00bb, et les for\u00eats fran\u00e7aises de grands ch\u00eanes s\u00e9culaires s\u2019appellent des \u00ab\u00a0for\u00eats cath\u00e9drales\u00a0\u00bb: entre Notre-Dame et les charpentiers, un lien mill\u00e9naire est parti en fum\u00e9e mais la fili\u00e8re bois faisait assaut de propositions mardi pour la reconstruction. Les cendres du toit o\u00f9 vivait le sonneur de cloches Quasimodo, personnage de [&hellip;]<\/p>\n","protected":false},"author":1965,"featured_media":0,"comment_status":"closed","ping_status":"closed","sticky":false,"template":"","format":"standard","meta":{"fifu_image_url":"","fifu_image_alt":"","footnotes":""},"categories":[73,82],"tags":[],"class_list":["post-28257","post","type-post","status-publish","format-standard","hentry","category-actualite","category-cameroun"],"_links":{"self":[{"href":"https:\/\/linitiative.ca\/International\/wp-json\/wp\/v2\/posts\/28257","targetHints":{"allow":["GET"]}}],"collection":[{"href":"https:\/\/linitiative.ca\/International\/wp-json\/wp\/v2\/posts"}],"about":[{"href":"https:\/\/linitiative.ca\/International\/wp-json\/wp\/v2\/types\/post"}],"author":[{"embeddable":true,"href":"https:\/\/linitiative.ca\/International\/wp-json\/wp\/v2\/users\/1965"}],"replies":[{"embeddable":true,"href":"https:\/\/linitiative.ca\/International\/wp-json\/wp\/v2\/comments?post=28257"}],"version-history":[{"count":0,"href":"https:\/\/linitiative.ca\/International\/wp-json\/wp\/v2\/posts\/28257\/revisions"}],"wp:attachment":[{"href":"https:\/\/linitiative.ca\/International\/wp-json\/wp\/v2\/media?parent=28257"}],"wp:term":[{"taxonomy":"category","embeddable":true,"href":"https:\/\/linitiative.ca\/International\/wp-json\/wp\/v2\/categories?post=28257"},{"taxonomy":"post_tag","embeddable":true,"href":"https:\/\/linitiative.ca\/International\/wp-json\/wp\/v2\/tags?post=28257"}],"curies":[{"name":"wp","href":"https:\/\/api.w.org\/{rel}","templated":true}]}}