{"id":28259,"date":"2019-04-16T16:18:05","date_gmt":"2019-04-16T20:18:05","guid":{"rendered":"https:\/\/linitiative.ca\/International\/la-migration-professionnelle-au-menu-dun-atelier-a-nouakchott\/"},"modified":"2019-04-16T16:18:05","modified_gmt":"2019-04-16T20:18:05","slug":"la-migration-professionnelle-au-menu-dun-atelier-a-nouakchott","status":"publish","type":"post","link":"https:\/\/linitiative.ca\/International\/la-migration-professionnelle-au-menu-dun-atelier-a-nouakchott\/","title":{"rendered":"La migration professionnelle au menu d\u2019un atelier \u00e0 Nouakchott"},"content":{"rendered":"<div readability=\"32\">\n<p>Publi\u00e9 le 16.04.2019 \u00e0 21h18 par APA News<\/p>\n<\/div>\n<div readability=\"72\">\n<p>Une cinquantaine d\u2019experts locaux et internationaux et des repr\u00e9sentants de plus de 20 pays prennent part \u00e0 un atelier sur le r\u00f4le des Services Publics d\u2019Emploi (SPE) dans le d\u00e9ploiement des politiques migratoires dont les travaux ont d\u00e9marr\u00e9 mardi \u00e0 Nouakchott, a constat\u00e9 APA.Les participants devront, deux jours durant, examiner les probl\u00e9matiques essentiellement pos\u00e9es par la migration du travail de fa\u00e7on g\u00e9n\u00e9rale, les l\u00e9gislations, les dispositifs et les exp\u00e9riences des diff\u00e9rents pays en mati\u00e8re de d\u00e9ploiement des services aux migrants et aux candidats \u00e0 la migration au d\u00e9part comme au retour.<\/p>\n<p>Il s\u2019agit plus particuli\u00e8rement de faire connaitre les dispositions prises au niveau des pays concern\u00e9s et les dispositifs des services publics d\u2019emploi pour l\u2019accompagnement et la prise en charge des migrants.<\/p>\n<p>Les diff\u00e9rents panels \u00e9tudieront des th\u00e9matiques comme la migration professionnelle, les \u00e9tapes de r\u00e9alisation du projet de mobilit\u00e9 professionnelle, le cadre juridique des migrants, la formation professionnelle comme outil de r\u00e9int\u00e9gration ou encore les modalit\u00e9s d\u2019int\u00e9gration des publics issus de l\u2019immigration.<\/p>\n<p>Ces th\u00e9matiques comprennent \u00e9galement le partenariat \u00e0 mettre en \u0153uvre pour faciliter l\u2019int\u00e9gration sur le march\u00e9 de l\u2019emploi national des publics issus de l\u2019immigration et les exp\u00e9riences innovantes des SPE dans la gestion des flux migratoires et leurs forces et faiblesses dans l\u2019accompagnement des projets de d\u00e9part et de retour des migrants.<\/p>\n<p><ins data-revive-zoneid=\"9\" data-revive-id=\"10111e19d28d19d031742ee3b0b33eb0\"\/> <\/p>\n<p>Par ses v\u00e9ritables d\u00e9fis et pour ce qu\u2019il repr\u00e9sente pour l\u2019humanit\u00e9, le sujet de l\u2019immigration a polaris\u00e9 le monde entier ces derni\u00e8res ann\u00e9es \u00e0 travers les rencontres, les contacts directs et les actions, a d\u00e9clar\u00e9 le ministre mauritanien de la Fonction publique, du Travail, de l\u2019Emploi et de la Modernisation de l\u2019administration, Seyidna Ali Ould Mohamed Khouna.<\/p>\n<p>Ce dernier a ajout\u00e9 que la strat\u00e9gie mauritanienne de l\u2019emploi adopt\u00e9e par le gouvernement donnera un grand \u00e9lan aux efforts d\u00e9ploy\u00e9s et renforcera le r\u00f4le de l\u2019agence nationale de promotion de l\u2019emploi des jeunes.<\/p>\n<\/div>\n<p>Auteur: APA News<br \/>\n<a href=\"https:\/\/www.journalducameroun.com\/fr\/la-migration-professionnelle-au-menu-dun-atelier-a-nouakchott\/\">Cliquez ici pour lire l&rsquo;article depuis sa source.<\/a><\/p>\n","protected":false},"excerpt":{"rendered":"<p>Publi\u00e9 le 16.04.2019 \u00e0 21h18 par APA News Une cinquantaine d\u2019experts locaux et internationaux et des repr\u00e9sentants de plus de 20 pays prennent part \u00e0 un atelier sur le r\u00f4le des Services Publics d\u2019Emploi (SPE) dans le d\u00e9ploiement des politiques migratoires dont les travaux ont d\u00e9marr\u00e9 mardi \u00e0 Nouakchott, a constat\u00e9 APA.Les participants devront, deux [&hellip;]<\/p>\n","protected":false},"author":1965,"featured_media":0,"comment_status":"closed","ping_status":"closed","sticky":false,"template":"","format":"standard","meta":{"fifu_image_url":"","fifu_image_alt":"","footnotes":""},"categories":[73,82],"tags":[],"class_list":["post-28259","post","type-post","status-publish","format-standard","hentry","category-actualite","category-cameroun"],"_links":{"self":[{"href":"https:\/\/linitiative.ca\/International\/wp-json\/wp\/v2\/posts\/28259","targetHints":{"allow":["GET"]}}],"collection":[{"href":"https:\/\/linitiative.ca\/International\/wp-json\/wp\/v2\/posts"}],"about":[{"href":"https:\/\/linitiative.ca\/International\/wp-json\/wp\/v2\/types\/post"}],"author":[{"embeddable":true,"href":"https:\/\/linitiative.ca\/International\/wp-json\/wp\/v2\/users\/1965"}],"replies":[{"embeddable":true,"href":"https:\/\/linitiative.ca\/International\/wp-json\/wp\/v2\/comments?post=28259"}],"version-history":[{"count":0,"href":"https:\/\/linitiative.ca\/International\/wp-json\/wp\/v2\/posts\/28259\/revisions"}],"wp:attachment":[{"href":"https:\/\/linitiative.ca\/International\/wp-json\/wp\/v2\/media?parent=28259"}],"wp:term":[{"taxonomy":"category","embeddable":true,"href":"https:\/\/linitiative.ca\/International\/wp-json\/wp\/v2\/categories?post=28259"},{"taxonomy":"post_tag","embeddable":true,"href":"https:\/\/linitiative.ca\/International\/wp-json\/wp\/v2\/tags?post=28259"}],"curies":[{"name":"wp","href":"https:\/\/api.w.org\/{rel}","templated":true}]}}