{"id":28260,"date":"2019-04-16T16:50:02","date_gmt":"2019-04-16T20:50:02","guid":{"rendered":"https:\/\/linitiative.ca\/International\/washington-pourrait-retirer-le-soudan-des-pays-terroristes-en-cas-de-progres-responsable-americain\/"},"modified":"2019-04-16T16:50:02","modified_gmt":"2019-04-16T20:50:02","slug":"washington-pourrait-retirer-le-soudan-des-pays-terroristes-en-cas-de-progres-responsable-americain","status":"publish","type":"post","link":"https:\/\/linitiative.ca\/International\/washington-pourrait-retirer-le-soudan-des-pays-terroristes-en-cas-de-progres-responsable-americain\/","title":{"rendered":"Washington pourrait retirer le Soudan des pays \u00ab\u00a0terroristes\u00a0\u00bb en cas de progr\u00e8s (responsable am\u00e9ricain)"},"content":{"rendered":"<div readability=\"32\">\n<p>Publi\u00e9 le 16.04.2019 \u00e0 21h50 par AFP<\/p>\n<\/div>\n<div readability=\"89\">\n<p>Les Etats-Unis ont indiqu\u00e9 mardi \u00eatre pr\u00eats \u00e0 retirer le Soudan de leur liste des pays accus\u00e9s de soutenir le terrorisme si le Conseil militaire de transition, qui a pris le pouvoir jeudi, engageait un \u00ab\u00a0changement fondamental\u00a0\u00bb de gouvernance, selon un responsable am\u00e9ricain.<\/p>\n<p>L\u2019arm\u00e9e soudanaise a renvers\u00e9 le pr\u00e9sident Omar el-B\u00e9chir \u2013au pouvoir depuis trente ans\u2013 le 11 avril dans le sillage d\u2019un mouvement de contestation populaire d\u2019une ampleur in\u00e9dite, et a mis en place ce Conseil militaire de transition cens\u00e9 perdurer deux ans.<\/p>\n<p>Mais des milliers de manifestants r\u00e9clamaient encore mardi la mise en place imm\u00e9diate d\u2019un gouvernement civil.<\/p>\n<p>Selon un responsable du d\u00e9partement d\u2019Etat am\u00e9ricain, les Etats-Unis ont renouvel\u00e9 leur disposition \u00e0 examiner un \u00e9ventuel retrait du Soudan de leur liste noire lors de discussions avec les chefs militaires ayant chass\u00e9 M. el-B\u00e9chir du pouvoir.<\/p>\n<p>Des responsables soudanais cherchent depuis des ann\u00e9es \u00e0 obtenir un tel retrait, ouvrant des discussions avec Washington. En vain.<\/p>\n<p>Une fa\u00e7on d\u2019y parvenir \u00ab\u00a0serait s\u2019il y a un changement fondamental dans la gouvernance et dans les politiques et si le Conseil de transition militaire ne soutient pas les actes de terrorisme international et fournit des assurances qu\u2019il ne soutiendra pas des actes de terrorisme international \u00e0 l\u2019avenir\u00a0\u00bb, a indiqu\u00e9 le responsable am\u00e9ricain, sous couvert d\u2019anonymat.<\/p>\n<p><ins data-revive-zoneid=\"9\" data-revive-id=\"10111e19d28d19d031742ee3b0b33eb0\"\/> <\/p>\n<p>Mais, selon lui, les Etats-Unis n\u2019envisagent pas de retirer le Soudan de la liste \u00ab\u00a0\u00e0 ce stade\u00a0\u00bb. Il a aussi pr\u00e9cis\u00e9 que Washington avait pouss\u00e9 le Conseil militaire \u00e0 \u00ab\u00a0agir rapidement\u00a0\u00bb pour inclure des civils dans un gouvernement provisoire et pour organiser des \u00e9lections.<\/p>\n<p>Ces commentaires interviennent deux jours apr\u00e8s la rencontre entre le charg\u00e9 d\u2019affaires Steven Koutsis \u2013plus haut diplomate am\u00e9ricain \u00e0 Khartoum\u2013 et Mohamad Hamdan Daglo, chef adjoint du Conseil militaire.<\/p>\n<p>Les Etats-Unis ont multipli\u00e9 depuis 1997 les sanctions \u00e9conomiques contre le Soudan, qui est inscrit sur la liste noire am\u00e9ricaine des \u00ab\u00a0Etats soutenant le terrorisme\u00a0\u00bb depuis 1993.<\/p>\n<p>En cause, des accusations de soutien \u00e0 des groupes jihadistes \u2013le fondateur d\u2019Al-Qa\u00efda Oussama ben Laden a v\u00e9cu \u00e0 Khartoum entre 1992 et 1996\u2013, les atteintes aux droits humains et le conflit au Darfour qui a fait plus de 300.000 morts depuis 2003.<\/p>\n<p>M. el-B\u00e9chir, premier chef d\u2019Etat vis\u00e9 par un mandat d\u2019arr\u00eat de la Cour p\u00e9nale internationale, est recherch\u00e9 pour \u00ab\u00a0crimes de guerre\u00a0\u00bb, \u00ab\u00a0crimes contre l\u2019humanit\u00e9\u00a0\u00bb et \u00ab\u00a0g\u00e9nocide\u00a0\u00bb dans cette r\u00e9gion de l\u2019ouest du Soudan.<\/p>\n<\/div>\n<p>Auteur: AFP<br \/>\n<a href=\"https:\/\/www.journalducameroun.com\/fr\/washington-pourrait-retirer-le-soudan-des-pays-terroristes-en-cas-de-progres-responsable-americain\/\">Cliquez ici pour lire l&rsquo;article depuis sa source.<\/a><\/p>\n","protected":false},"excerpt":{"rendered":"<p>Publi\u00e9 le 16.04.2019 \u00e0 21h50 par AFP Les Etats-Unis ont indiqu\u00e9 mardi \u00eatre pr\u00eats \u00e0 retirer le Soudan de leur liste des pays accus\u00e9s de soutenir le terrorisme si le Conseil militaire de transition, qui a pris le pouvoir jeudi, engageait un \u00ab\u00a0changement fondamental\u00a0\u00bb de gouvernance, selon un responsable am\u00e9ricain. L\u2019arm\u00e9e soudanaise a renvers\u00e9 le [&hellip;]<\/p>\n","protected":false},"author":1965,"featured_media":0,"comment_status":"closed","ping_status":"closed","sticky":false,"template":"","format":"standard","meta":{"fifu_image_url":"","fifu_image_alt":"","footnotes":""},"categories":[73,82],"tags":[],"class_list":["post-28260","post","type-post","status-publish","format-standard","hentry","category-actualite","category-cameroun"],"_links":{"self":[{"href":"https:\/\/linitiative.ca\/International\/wp-json\/wp\/v2\/posts\/28260","targetHints":{"allow":["GET"]}}],"collection":[{"href":"https:\/\/linitiative.ca\/International\/wp-json\/wp\/v2\/posts"}],"about":[{"href":"https:\/\/linitiative.ca\/International\/wp-json\/wp\/v2\/types\/post"}],"author":[{"embeddable":true,"href":"https:\/\/linitiative.ca\/International\/wp-json\/wp\/v2\/users\/1965"}],"replies":[{"embeddable":true,"href":"https:\/\/linitiative.ca\/International\/wp-json\/wp\/v2\/comments?post=28260"}],"version-history":[{"count":0,"href":"https:\/\/linitiative.ca\/International\/wp-json\/wp\/v2\/posts\/28260\/revisions"}],"wp:attachment":[{"href":"https:\/\/linitiative.ca\/International\/wp-json\/wp\/v2\/media?parent=28260"}],"wp:term":[{"taxonomy":"category","embeddable":true,"href":"https:\/\/linitiative.ca\/International\/wp-json\/wp\/v2\/categories?post=28260"},{"taxonomy":"post_tag","embeddable":true,"href":"https:\/\/linitiative.ca\/International\/wp-json\/wp\/v2\/tags?post=28260"}],"curies":[{"name":"wp","href":"https:\/\/api.w.org\/{rel}","templated":true}]}}