{"id":28261,"date":"2019-04-16T17:18:02","date_gmt":"2019-04-16T21:18:02","guid":{"rendered":"https:\/\/linitiative.ca\/International\/debut-de-la-destruction-de-18-000-tonnes-de-riz-avarie-decharge-au-port-dabidjan\/"},"modified":"2019-04-16T17:18:02","modified_gmt":"2019-04-16T21:18:02","slug":"debut-de-la-destruction-de-18-000-tonnes-de-riz-avarie-decharge-au-port-dabidjan","status":"publish","type":"post","link":"https:\/\/linitiative.ca\/International\/debut-de-la-destruction-de-18-000-tonnes-de-riz-avarie-decharge-au-port-dabidjan\/","title":{"rendered":"D\u00e9but de la destruction de 18 000 tonnes de riz avari\u00e9 d\u00e9charg\u00e9 au port d\u2019Abidjan"},"content":{"rendered":"<div readability=\"32\">\n<p>Publi\u00e9 le 16.04.2019 \u00e0 22h18 par APA News<\/p>\n<\/div>\n<div readability=\"93\">\n<p>L\u2019op\u00e9ration de destruction de la cargaison de 18 000 tonnes de riz avari\u00e9 d\u00e9charg\u00e9e mi-mars au port autonome d\u2019Abidjan, a d\u00e9marr\u00e9 mardi au Centre de valorisation et d\u2019enfouissement technique de Kossihouen (Banlieue ouest d\u2019Abidjan) en pr\u00e9sence des ministres Souleymane Diarrassouba (Commerce) et Anne Ouloto (Assainissement et salubrit\u00e9), a constat\u00e9 APA sur place.Ce processus de destruction se fera quotidiennement sur une p\u00e9riode d\u2019un mois jusqu\u2019\u00e0 l\u2019\u00e9puisement de ce stock de riz \u00ab non-conforme\u00bb.<\/p>\n<p>\u00ab Ce riz est impropre \u00e0 la consommation, comportant donc des risques pour la sant\u00e9 humaine\u2026 Aujourd\u2019hui, nous commen\u00e7ons un processus de destruction qui va prendre quelques jours. Il y aura des op\u00e9rations quotidiennes de destruction de 500 \u00e0 1000 tonnes et nous pensons que sur un mois cette op\u00e9ration devrait s\u2019achever \u00bb, a dit \u00e0 la presse Souleymane Diarrassouba, le ministre ivoirien du commerce, de l\u2019industrie et de la promotion des PME apr\u00e8s l\u2019enfouissement d\u2019une premi\u00e8re quantit\u00e9 de ce riz.<\/p>\n<p>Selon M. Diarrassouba, la destruction de ce riz impropre \u00e0 la consommation, \u00a0d\u00e9montre que le pr\u00e9sident de la R\u00e9publique est \u00ab soucieux de la sant\u00e9 et de la protection\u00bb des ivoiriens et des consommateurs.<\/p>\n<p>\u00ab C\u2019est pourquoi, il ( le pr\u00e9sident de la R\u00e9publique), \u00a0a mis en place des dispositifs afin que tous les produits qui rentrent en C\u00f4te d\u2019Ivoire puissent respecter des normes \u00bb, a-t-il soutenu.<\/p>\n<p>\u00a0\u00ab A compter de ce jour, le centre de valorisation et d\u2019enfouissement de Kossihouen est capable de r\u00e9ceptionner ces 18 000 tonnes de riz avari\u00e9. Nous avons \u00e9tal\u00e9 cette destruction sur un mois afin de nous permettre de continuer d\u2019assurer le service quotidien de collecte et d\u2019enfouissement des d\u00e9chets au niveau du district d\u2019Abidjan\u00bb, a expliqu\u00e9 pour sa part, Anne D\u00e9sir\u00e9e Ouloto, la ministre ivoirienne de l\u2019assainissement et de la salubrit\u00e9.<\/p>\n<p><ins data-revive-zoneid=\"9\" data-revive-id=\"10111e19d28d19d031742ee3b0b33eb0\"\/> <\/p>\n<p>Poursuivant, elle assur\u00e9 qu\u2019au terme d\u2019un mois, ce stock de riz avari\u00e9 sera enti\u00e8rement enfoui. \u00a0Les sacs contenant ce riz avari\u00e9 seront \u00e9galement incin\u00e9r\u00e9s, a \u00e9galement promis la ministre Ouloto. \u00ab Je voudrais rassurer nos populations en leur disant que ce riz sera totalement enfoui\u00bb, a-t-elle conclu.<\/p>\n<p>Du 11 au 18 mars dernier, une cargaison de 18 000 tonnes de riz de qualit\u00e9 douteuse d\u2019origine birmane, \u00a0a \u00e9t\u00e9 d\u00e9charg\u00e9e au port autonome d\u2019Abidjan.<\/p>\n<p>Le 30 mars dernier, le minist\u00e8re ivoirien du commerce, de l\u2019industrie et de la promotion des PME, a proc\u00e9d\u00e9 \u00e0 la saisie r\u00e9elle et \u00e0 la mise sous scell\u00e9 de cette cargaison en vue d\u2019une analyse dont les r\u00e9sultats ont r\u00e9v\u00e9l\u00e9 que ce riz est impropre \u00e0 la consommation.<\/p>\n<p>C\u2019est ainsi que les autorit\u00e9s ivoiriennes ont d\u00e9cid\u00e9 d\u2019enclencher une op\u00e9ration de destruction de ce stock de riz afin qu\u2019il ne soit pas commercialis\u00e9 sur le march\u00e9.<\/p>\n<\/div>\n<p>Auteur: APA News<br \/>\n<a href=\"https:\/\/www.journalducameroun.com\/fr\/debut-de-la-destruction-de-18-000-tonnes-de-riz-avarie-decharge-au-port-dabidjan\/\">Cliquez ici pour lire l&rsquo;article depuis sa source.<\/a><\/p>\n","protected":false},"excerpt":{"rendered":"<p>Publi\u00e9 le 16.04.2019 \u00e0 22h18 par APA News L\u2019op\u00e9ration de destruction de la cargaison de 18 000 tonnes de riz avari\u00e9 d\u00e9charg\u00e9e mi-mars au port autonome d\u2019Abidjan, a d\u00e9marr\u00e9 mardi au Centre de valorisation et d\u2019enfouissement technique de Kossihouen (Banlieue ouest d\u2019Abidjan) en pr\u00e9sence des ministres Souleymane Diarrassouba (Commerce) et Anne Ouloto (Assainissement et salubrit\u00e9), [&hellip;]<\/p>\n","protected":false},"author":1965,"featured_media":0,"comment_status":"closed","ping_status":"closed","sticky":false,"template":"","format":"standard","meta":{"fifu_image_url":"","fifu_image_alt":"","footnotes":""},"categories":[73,82],"tags":[],"class_list":["post-28261","post","type-post","status-publish","format-standard","hentry","category-actualite","category-cameroun"],"_links":{"self":[{"href":"https:\/\/linitiative.ca\/International\/wp-json\/wp\/v2\/posts\/28261","targetHints":{"allow":["GET"]}}],"collection":[{"href":"https:\/\/linitiative.ca\/International\/wp-json\/wp\/v2\/posts"}],"about":[{"href":"https:\/\/linitiative.ca\/International\/wp-json\/wp\/v2\/types\/post"}],"author":[{"embeddable":true,"href":"https:\/\/linitiative.ca\/International\/wp-json\/wp\/v2\/users\/1965"}],"replies":[{"embeddable":true,"href":"https:\/\/linitiative.ca\/International\/wp-json\/wp\/v2\/comments?post=28261"}],"version-history":[{"count":0,"href":"https:\/\/linitiative.ca\/International\/wp-json\/wp\/v2\/posts\/28261\/revisions"}],"wp:attachment":[{"href":"https:\/\/linitiative.ca\/International\/wp-json\/wp\/v2\/media?parent=28261"}],"wp:term":[{"taxonomy":"category","embeddable":true,"href":"https:\/\/linitiative.ca\/International\/wp-json\/wp\/v2\/categories?post=28261"},{"taxonomy":"post_tag","embeddable":true,"href":"https:\/\/linitiative.ca\/International\/wp-json\/wp\/v2\/tags?post=28261"}],"curies":[{"name":"wp","href":"https:\/\/api.w.org\/{rel}","templated":true}]}}