{"id":28289,"date":"2019-04-16T09:36:43","date_gmt":"2019-04-16T13:36:43","guid":{"rendered":"https:\/\/linitiative.ca\/International\/c2d-les-inquietudes-de-la-france-sur-la-perennite-des-projets\/"},"modified":"2019-04-16T09:36:43","modified_gmt":"2019-04-16T13:36:43","slug":"c2d-les-inquietudes-de-la-france-sur-la-perennite-des-projets","status":"publish","type":"post","link":"https:\/\/linitiative.ca\/International\/c2d-les-inquietudes-de-la-france-sur-la-perennite-des-projets\/","title":{"rendered":"C2D:  les inqui\u00e9tudes de la France sur la p\u00e9rennit\u00e9 des projets"},"content":{"rendered":"<p>Beaucoup de personnes ont certainement une mauvaise ou une vague connaissance du <strong>C2D<\/strong>, le Contrat de D\u00e9sendettement et D\u00e9veloppement, lanc\u00e9 en 1996 par la <strong>France<\/strong> au b\u00e9n\u00e9fice des pays pauvres tr\u00e8s endett\u00e9s. Dont le <strong>Cameroun<\/strong>. C\u2019est pour inverser cette tendance que le syst\u00e8me europ\u00e9en a organis\u00e9 toute une journ\u00e9e portes ouvertes, avec pour objectif sp\u00e9cifique de vulgariser les r\u00e9alisations effectu\u00e9es dans le cadre de cet accord. Avec au programme, la pr\u00e9sentation des projets, l\u2019exposition photos, visites de quelques chantiers C2D dans la ville de <strong>Douala<\/strong> et ateliers de pr\u00e9sentation de produits et r\u00e9alisations sous financement C2D. Produits et r\u00e9alisations dans divers domaines et secteurs: sant\u00e9, infrastructures urbaines et routi\u00e8res, agriculture, \u00e9levage, pisciculture, \u00e9ducation, d\u00e9veloppement rural, etc. Quelques exemples du secteur de l\u2019agriculture et du d\u00e9veloppement rural sont fort \u00e9vocateurs: le Programme d\u2019Am\u00e9lioration\u00a0 de la Comp\u00e9titivit\u00e9 des Exploitations Familiales Agro-pastorales (<strong>Acefa<\/strong>) compos\u00e9s de <strong>77 projets<\/strong> agro-pastoraux subventionn\u00e9s sous fonds C2D. Appui-conseil de <strong>105 conseillers<\/strong> C2D\u00a0 \u00e0 <strong>1002 groupements<\/strong> de producteurs.<\/p>\n<p>Dans le domaine de l\u2019\u00e9ducation : contractualisation de <strong>2980 instituteurs<\/strong> vacataires et ma\u00eetres de parents du primaire, construction de <strong>42 salles<\/strong> de classe et r\u00e9habilitation de <strong>72<\/strong>. Le Programme national de d\u00e9veloppement participatif (<strong>Pndp)<\/strong>, avec entre autres r\u00e9alisations, la mise en \u0153uvre de <strong>145 microprojets<\/strong> dans les domaines de l\u2019eau et de l\u2019assainissement, agro-pastoral, l\u2019\u00e9ducation, la formation, etc. le volet routier avec l\u2019am\u00e9lioration des conditions de mobilit\u00e9 des populations rurales: entretien routier et \u00e9tablissement des points de rupture sur <strong>284 km de routes<\/strong> rurales sur les itin\u00e9raires <strong>Loum-Yabassi-Bonepoupa (108 km)<\/strong>, <strong>Yabassi-Yingui-Ndikinimeki (176 km),<\/strong> r\u00e9habilitation de <strong>182,4 km<\/strong> de pistes c\u00f4ti\u00e8res sur les itin\u00e9raires <strong>Yabassi-Dibombe (24 km<\/strong>). Egalement dans le domaine de l\u2019urbanisation de quelques localit\u00e9s : r\u00e9habilitation de <strong>14,2 km<\/strong> de r\u00e9seaux visites, construction de <strong>6,16 km de voies<\/strong> de d\u00e9senclavement des quartiers isol\u00e9s, etc.<\/p>\n<p>\u00ab\u00a0<em>Les populations doivent comprendre \u00e0 travers ce d\u00e9ploiement qu\u2019elles sont au centre de nos pr\u00e9occupations. Nous irons dans les 10 r\u00e9gions du Cameroun afin que chacun puisse savoir que le C2D impacte directement la vie des b\u00e9n\u00e9ficiaires<\/em>\u00a0\u00bb, a r\u00e9agi <strong>Guillaume Reisacher<\/strong>, Charg\u00e9 des projets gouvernance, secteur public-Ohasi \u00e0 l\u2019Agence fran\u00e7aise de d\u00e9veloppement (<strong>Afd)<\/strong>. Pour <strong>Gilles Thibaut<\/strong>, l\u2019ambassadeur de <strong>France<\/strong> au Cameroun, \u00ab\u00a0<em>le bilan est positif et satisfaisant dans tous les domaines. Les 10 ans du C2D nous permettent de faire un bilan de toutes les d\u00e9clinaisons des programmes dans tous les secteurs. Mais ces projets restent mal connus, pourtant ils participent au d\u00e9veloppement du Cameroun, ainsi qu\u2019au bien-\u00eatre des populations. Il faut donc expliquer aux populations les r\u00e9sultats de cette op\u00e9ration franco-camerounaise<\/em>\u00a0\u00bb.<\/p>\n<p>D\u00e9sormais, la France envisage p\u00e9renniser et rendre durables les projets C2D : \u00ab\u00a0<em>nous sommes dans une phase de transition. Certains projets-phares comme le <strong>Pndp<\/strong> ont atteint un v\u00e9ritable degr\u00e9 de maturit\u00e9 et il faut s\u2019assurer que ces projets seront poursuivis dans le long terme<\/em>\u00a0\u00bb, indique Guillaume Reisacher. V\u00e9ritable inqui\u00e9tude d\u00e9gag\u00e9e par la partie fran\u00e7aise qui s\u2019interroge sur le sort qui sera r\u00e9serv\u00e9 \u00e0 tous les\u00a0 projets ex\u00e9cut\u00e9s dans le cadre du C2D: \u00ab\u00a0<em>ce programme finira un jour car il n\u2019est pas \u00e9ternel. Mais que deviendrons les diff\u00e9rents projets apr\u00e8s la fin du C2D ?<\/em>\u00bb, questionne <strong>Jean Paul Tchomdou<\/strong>, le responsable de la communication au Secr\u00e9tariat technique d\u2019appui d\u00e9di\u00e9 \u00e0 l\u2019ex\u00e9cution du C2D au Cameroun.<\/p>\n<p>Concernant la ville de Douala, plusieurs projets C2D-Etat du Cameroun sont achev\u00e9s dont celui du deuxi\u00e8me pont sur le <strong>Wouri<\/strong>, l\u2019un des plus importants dans le portefeuille C2D, la r\u00e9habilitation de la douche municipale, ou encore les p\u00e9n\u00e9trantes Est et Ouest de la capitale \u00e9conomique. D\u2019autres sont en cours d\u2019ex\u00e9cution : il s\u2019agit notamment du Projet de drainage pluvial de Douala (<strong>Pdp<\/strong>) long de <strong>42 km<\/strong> pour\u00a0 un montant de <strong>110 milliards de FCFA<\/strong>. Projet que Gilles Thibaut a personnellement visit\u00e9 ce 10 avril\u00a0 2019 en compagnie de <strong>Fritz Ntone Ntone<\/strong>, le d\u00e9l\u00e9gu\u00e9 du gouvernement aupr\u00e8s de la communaut\u00e9 urbaine de Douala.<\/p>\n<div class=\"about-author about-author-box container-wrapper\">\n<div class=\"author-avatar\">\n<p><img decoding=\"async\" src=\"http:\/\/\" alt=\"\"\/><\/p>\n<\/div>\n<p><h4>La R\u00e9daction EcoMatin<\/h4>\n<\/p>\n<\/div>\n<div class=\"awac-wrapper awac widget blog_subscription-2\">\n<h4 class=\"widget-title\">Abonnez-vous \u00e0 notre lettre d&rsquo;information<\/h4>\n<\/div>\n<p>Auteur: EcoMatin<br \/>\n<a href=\"https:\/\/ecomatin.net\/c2d-les-inquietudes-de-la-france-sur-la-perennite-des-projets\/\">Cliquez ici pour lire l&rsquo;article depuis sa source.<\/a><\/p>\n","protected":false},"excerpt":{"rendered":"<p>Beaucoup de personnes ont certainement une mauvaise ou une vague connaissance du C2D, le Contrat de D\u00e9sendettement et D\u00e9veloppement, lanc\u00e9 en 1996 par la France au b\u00e9n\u00e9fice des pays pauvres tr\u00e8s endett\u00e9s. Dont le Cameroun. C\u2019est pour inverser cette tendance que le syst\u00e8me europ\u00e9en a organis\u00e9 toute une journ\u00e9e portes ouvertes, avec pour objectif sp\u00e9cifique [&hellip;]<\/p>\n","protected":false},"author":1969,"featured_media":0,"comment_status":"closed","ping_status":"closed","sticky":false,"template":"","format":"standard","meta":{"fifu_image_url":"","fifu_image_alt":"","footnotes":""},"categories":[82,78],"tags":[],"class_list":["post-28289","post","type-post","status-publish","format-standard","hentry","category-cameroun","category-economie"],"_links":{"self":[{"href":"https:\/\/linitiative.ca\/International\/wp-json\/wp\/v2\/posts\/28289","targetHints":{"allow":["GET"]}}],"collection":[{"href":"https:\/\/linitiative.ca\/International\/wp-json\/wp\/v2\/posts"}],"about":[{"href":"https:\/\/linitiative.ca\/International\/wp-json\/wp\/v2\/types\/post"}],"author":[{"embeddable":true,"href":"https:\/\/linitiative.ca\/International\/wp-json\/wp\/v2\/users\/1969"}],"replies":[{"embeddable":true,"href":"https:\/\/linitiative.ca\/International\/wp-json\/wp\/v2\/comments?post=28289"}],"version-history":[{"count":0,"href":"https:\/\/linitiative.ca\/International\/wp-json\/wp\/v2\/posts\/28289\/revisions"}],"wp:attachment":[{"href":"https:\/\/linitiative.ca\/International\/wp-json\/wp\/v2\/media?parent=28289"}],"wp:term":[{"taxonomy":"category","embeddable":true,"href":"https:\/\/linitiative.ca\/International\/wp-json\/wp\/v2\/categories?post=28289"},{"taxonomy":"post_tag","embeddable":true,"href":"https:\/\/linitiative.ca\/International\/wp-json\/wp\/v2\/tags?post=28289"}],"curies":[{"name":"wp","href":"https:\/\/api.w.org\/{rel}","templated":true}]}}