{"id":28293,"date":"2019-04-17T08:00:18","date_gmt":"2019-04-17T12:00:18","guid":{"rendered":"https:\/\/linitiative.ca\/International\/la-recrudescence-des-suicides-a-tanger-inquiete\/"},"modified":"2019-04-17T08:00:18","modified_gmt":"2019-04-17T12:00:18","slug":"la-recrudescence-des-suicides-a-tanger-inquiete","status":"publish","type":"post","link":"https:\/\/linitiative.ca\/International\/la-recrudescence-des-suicides-a-tanger-inquiete\/","title":{"rendered":"La recrudescence des suicides \u00e0 Tanger inqui\u00e8te"},"content":{"rendered":"<p><img decoding=\"async\" class=\"post_layout_5_img\" src=\"http:\/\/aujourdhui.ma\/wp-content\/uploads\/2019\/04\/Suicide.jpg?x29840\" alt=\"La recrudescence des suicides \u00e0 Tanger inqui\u00e8te\"\/><\/p>\n<p class=\"p1\"><span class=\"c4\"><strong><span class=\"s1\"><em>La ville du d\u00e9troit embo\u00eete tristement le pas \u00e0 Chefchaouen<\/em><\/span><\/strong><\/span><span id=\"more-309349\"\/><\/p>\n<p class=\"p1\"><span class=\"s1\">En plus de Chefchaouen, dont le nombre de personnes ayant mis un terme \u00e0 leur vie continue de battre tous les records, Tanger et les zones avoisinantes connaissent, ces derniers temps, une inqui\u00e9tante vague de suicide. A cet effet et selon les donn\u00e9es statistiques, une dizaine de cas a \u00e9t\u00e9 enregistr\u00e9e depuis le d\u00e9but de l\u2019ann\u00e9e. Alors que le nombre de personnes ayant mis fin \u00e0 leur vie \u00e0 Chefchaouen a atteint une quinzaine de cas au cours des trois derniers mois.<\/span><\/p>\n<p class=\"p1\"><span class=\"s1\">L\u2019augmentation du nombre de suicides \u00e0 Tanger inqui\u00e8te la population en particulier les repr\u00e9sentants de la soci\u00e9t\u00e9 civile locale. Surtout que ce fl\u00e9au touche toutes les cat\u00e9gories d\u2019\u00e2ge, dont les enfants. Les habitants de l\u2019un des quartiers populaires de B\u00e9ni Makada sont toujours sous le choc apr\u00e8s le suicide, la semaine derni\u00e8re, d\u2019un \u00e9l\u00e8ve de 14 ans par pendaison. Les investigations polici\u00e8res ont permis de faire ressortir que la victime souffrait de son vivant de probl\u00e8mes familiaux. Le malheureux jeune gar\u00e7on a choisi de se donner la mort par pendaison dans une \u00e9picerie (appartenant \u00e0 l\u2019un des membres de sa famille). Le suicide de ce coll\u00e9gien a fait r\u00e9agir les repr\u00e9sentants de la soci\u00e9t\u00e9 civile locale appelant \u00e0 multiplier les campagnes de sensibilisation aussi bien au profit des enfants que des parents en vue de pr\u00e9venir ce fl\u00e9au.<\/span><\/p>\n<p class=\"p1\"><span class=\"s1\">A l\u2019instar de Chefchaouen, les v\u00e9ritables causes du suicide de la plupart des victimes \u00e0 Tanger restent difficiles \u00e0 d\u00e9terminer. C\u2019est le cas de cette jeune femme de 23 ans, dont l\u2019acte de d\u00e9sespoir reste une \u00e9nigme pour sa famille et ses proches. Mari\u00e9e et m\u00e8re d\u2019une fillette de cinq ans, elle s\u2019est retrouv\u00e9e, au d\u00e9but du mois en cours, pendue dans son domicile conjugal.\u00a0<\/span><\/p>\n<p class=\"p1\"><span class=\"s1\">Il est \u00e0 noter que dans la ville du d\u00e9troit, ce fl\u00e9au touche beaucoup plus les hommes que les femmes et sont pour leur majorit\u00e9 des c\u00e9libataires.\u00a0<\/span><\/p>\n<p class=\"p1\"><span class=\"s1\">Et contrairement \u00e0 Chefchaouen, dont la plupart des cas ont eu lieu par pendaison, le grand nombre de personnes a choisi de mettre un terme \u00e0 leur vie \u00e0 Tanger en se jetant du haut des immeubles. Cette m\u00e9thode est consid\u00e9r\u00e9e beaucoup plus facile et rapide pour se suicider. La semaine derni\u00e8re, un jeune homme d\u2019une vingtaine d\u2019ann\u00e9es s\u2019est donn\u00e9 la mort, en se jetant du quatri\u00e8me \u00e9tage d\u2019un immeuble au quartier Charf. La victime n\u2019est pas morte sur le coup. Malgr\u00e9 les tentatives de secours, le jeune homme a rendu l\u2019\u00e2me peu de temps apr\u00e8s son arriv\u00e9e \u00e0 l\u2019h\u00f4pital Mohammed V.<\/span><\/p>\n<p class=\"p1\"><span class=\"s1\">Soulignons que le nombre de cas de suicide \u00e0 Tanger pouvait \u00eatre encore plus \u00e9lev\u00e9 si certaines tentatives n\u2019avaient pas \u00e9chou\u00e9 \u00e0 la derni\u00e8re minute pour une raison ou une autre.<\/span><\/p>\n<p>Auteur: Najat Fa\u00efssal<br \/>\n<a href=\"http:\/\/aujourdhui.ma\/societe\/la-recrudescence-des-suicides-a-tanger-inquiete\">Cliquez ici pour lire l&rsquo;article depuis sa source.<\/a><\/p>\n","protected":false},"excerpt":{"rendered":"<p>La ville du d\u00e9troit embo\u00eete tristement le pas \u00e0 Chefchaouen En plus de Chefchaouen, dont le nombre de personnes ayant mis un terme \u00e0 leur vie continue de battre tous les records, Tanger et les zones avoisinantes connaissent, ces derniers temps, une inqui\u00e9tante vague de suicide. A cet effet et selon les donn\u00e9es statistiques, une [&hellip;]<\/p>\n","protected":false},"author":1759,"featured_media":0,"comment_status":"closed","ping_status":"closed","sticky":false,"template":"","format":"standard","meta":{"fifu_image_url":"","fifu_image_alt":"","footnotes":""},"categories":[73,54],"tags":[],"class_list":["post-28293","post","type-post","status-publish","format-standard","hentry","category-actualite","category-maroc"],"_links":{"self":[{"href":"https:\/\/linitiative.ca\/International\/wp-json\/wp\/v2\/posts\/28293","targetHints":{"allow":["GET"]}}],"collection":[{"href":"https:\/\/linitiative.ca\/International\/wp-json\/wp\/v2\/posts"}],"about":[{"href":"https:\/\/linitiative.ca\/International\/wp-json\/wp\/v2\/types\/post"}],"author":[{"embeddable":true,"href":"https:\/\/linitiative.ca\/International\/wp-json\/wp\/v2\/users\/1759"}],"replies":[{"embeddable":true,"href":"https:\/\/linitiative.ca\/International\/wp-json\/wp\/v2\/comments?post=28293"}],"version-history":[{"count":0,"href":"https:\/\/linitiative.ca\/International\/wp-json\/wp\/v2\/posts\/28293\/revisions"}],"wp:attachment":[{"href":"https:\/\/linitiative.ca\/International\/wp-json\/wp\/v2\/media?parent=28293"}],"wp:term":[{"taxonomy":"category","embeddable":true,"href":"https:\/\/linitiative.ca\/International\/wp-json\/wp\/v2\/categories?post=28293"},{"taxonomy":"post_tag","embeddable":true,"href":"https:\/\/linitiative.ca\/International\/wp-json\/wp\/v2\/tags?post=28293"}],"curies":[{"name":"wp","href":"https:\/\/api.w.org\/{rel}","templated":true}]}}