{"id":28294,"date":"2019-04-17T08:06:09","date_gmt":"2019-04-17T12:06:09","guid":{"rendered":"https:\/\/linitiative.ca\/International\/suite-a-un-appel-doffres-de-londa-avis-locafinance-ouvre-sa-premiere-agence-a-laeroport-de-laayoune\/"},"modified":"2019-04-17T08:06:09","modified_gmt":"2019-04-17T12:06:09","slug":"suite-a-un-appel-doffres-de-londa-avis-locafinance-ouvre-sa-premiere-agence-a-laeroport-de-laayoune","status":"publish","type":"post","link":"https:\/\/linitiative.ca\/International\/suite-a-un-appel-doffres-de-londa-avis-locafinance-ouvre-sa-premiere-agence-a-laeroport-de-laayoune\/","title":{"rendered":"Suite \u00e0 un appel d\u2019offres de l\u2019ONDA : Avis Locafinance ouvre sa premi\u00e8re agence  \u00e0 l\u2019a\u00e9roport de La\u00e2youne"},"content":{"rendered":"<header>\n<\/header>\n<div class=\"entry-content clearfix\" readability=\"66\"><img decoding=\"async\" class=\"post_layout_5_img\" src=\"http:\/\/aujourdhui.ma\/wp-content\/uploads\/2018\/03\/Avis-Locafinance-Eddy-Richard-Toledano.jpg?x29840\" alt=\"Suite \u00e0 un appel d\u2019offres de l\u2019ONDA : Avis Locafinance ouvre sa premi\u00e8re agence \u00e0 l\u2019a\u00e9roport de La\u00e2youne\"\/><\/p>\n<p class=\"p1\"><span class=\"s1 c4\"><strong>Avis Locafinance vient d\u2019annoncer une nouvelle implantation strat\u00e9gique en inaugurant r\u00e9cemment sa premi\u00e8re agence au sein de l\u2019a\u00e9roport de L\u00e2ayoune suite \u00e0 un appel d\u2019offres lanc\u00e9 par l\u2019Office national des a\u00e9roports (ONDA) et remport\u00e9 \u00e0 la fin de l\u2019ann\u00e9e 2018. Avis Locafinance devient ainsi l\u2019unique plate-forme de location de voitures \u00e0 disposer d\u2019une autorisation d\u2019exercice au sein de l\u2019a\u00e9roport pour les trois prochaines ann\u00e9es.<\/strong><\/span> <span id=\"more-309385\"\/><\/p>\n<p class=\"p1\"><span class=\"s1\">L\u2019agence de L\u00e2ayoune vient renforcer la couverture nationale du r\u00e9seau Avis Locafinance compos\u00e9 de 20 agences dans diff\u00e9rentes villes du Royaume. Au-del\u00e0 du caract\u00e8re symbolique de l\u2019implantation \u00e0 L\u00e2ayoune, celle-ci rev\u00eat \u00e9galement un aspect strat\u00e9gique pour le groupe, car la ville, \u00e0 l\u2019instar d\u2019autres localit\u00e9s, est au c\u0153ur de la politique d\u2019investissements accompagnant le plan de r\u00e9gionalisation avanc\u00e9e mis en place par l\u2019Etat marocain.<\/span><\/p>\n<p class=\"p1\"><span class=\"s1\">Conform\u00e9ment \u00e0 la strat\u00e9gie de d\u00e9veloppement national du groupe ainsi que sa politique commerciale, Avis Locafinance compte assurer un service de proximit\u00e9 \u00e0 toutes les entreprises en cours de d\u00e9veloppement dans la r\u00e9gion, qui rec\u00e8le un important potentiel de croissance.<span class=\"Apple-converted-space\">\u00a0<\/span> D\u2019apr\u00e8s Eddy-Richard Toledano, pr\u00e9sident-directeur g\u00e9n\u00e9ral du Groupe Avis Locafinance, <em>\u00abcette agence incarne notre volont\u00e9 d\u2019expansion ainsi que notre comp\u00e9titivit\u00e9. Elle illustre de mani\u00e8re concr\u00e8te la forte croissance d\u2019Avis Locafinance au Maroc et le dynamisme de son r\u00e9seau d\u2019une part, et notre souhait d\u2019accompagner pleinement le d\u00e9veloppement des activit\u00e9s \u00e9conomiques de la r\u00e9gion de L\u00e2ayoune d\u2019autre part.<\/em><\/span><\/p>\n<p class=\"p1\"><span class=\"s1\"><em>Notre volont\u00e9 est de renforcer notre assise g\u00e9ographique pour assurer encore plus de proximit\u00e9 avec nos partenaires, en mettant \u00e0 leur disposition des solutions de mobilit\u00e9 toujours plus innovantes et adapt\u00e9es \u00e0 leurs besoins\u00bb.<\/em> Avec cette nouvelle agence, Avis Locafinance confirme son leadership sur le march\u00e9 de la location de v\u00e9hicules, notamment en termes du nombre d\u2019agences en a\u00e9roports au Maroc. Le groupe continue ainsi d\u2019accompagner le pays dans son essor socio-\u00e9conomique en s\u2019alignant sur la politique de d\u00e9veloppement des r\u00e9gions \u00e0 fort potentiel. Rappelons qu\u2019Avis Locafinance est pr\u00e9sent au Maroc depuis plus de 50 ans. C\u2019est un groupe leader, pionnier et r\u00e9f\u00e9rence du secteur de la location courte, moyenne et longue dur\u00e9e, \u00e9galement engag\u00e9 pour le respect de l\u2019environnement. Il est ainsi le seul op\u00e9rateur du secteur \u00e0 d\u00e9tenir une triple certification ISO 9001 (qualit\u00e9), OHSAS 18001 (sant\u00e9 et s\u00e9curit\u00e9 au travail) et ISO 14001 (environnement).<\/span><\/p>\n<\/div>\n<p>Auteur: ALM<br \/>\n<a href=\"http:\/\/aujourdhui.ma\/automobile\/suite-a-un-appel-doffres-de-londa-avis-locafinance-ouvre-sa-premiere-agence-a-laeroport-de-laayoune\">Cliquez ici pour lire l&rsquo;article depuis sa source.<\/a><\/p>\n","protected":false},"excerpt":{"rendered":"<p>Avis Locafinance vient d\u2019annoncer une nouvelle implantation strat\u00e9gique en inaugurant r\u00e9cemment sa premi\u00e8re agence au sein de l\u2019a\u00e9roport de L\u00e2ayoune suite \u00e0 un appel d\u2019offres lanc\u00e9 par l\u2019Office national des a\u00e9roports (ONDA) et remport\u00e9 \u00e0 la fin de l\u2019ann\u00e9e 2018. Avis Locafinance devient ainsi l\u2019unique plate-forme de location de voitures \u00e0 disposer d\u2019une autorisation d\u2019exercice [&hellip;]<\/p>\n","protected":false},"author":1759,"featured_media":0,"comment_status":"closed","ping_status":"closed","sticky":false,"template":"","format":"standard","meta":{"fifu_image_url":"","fifu_image_alt":"","footnotes":""},"categories":[73,54],"tags":[],"class_list":["post-28294","post","type-post","status-publish","format-standard","hentry","category-actualite","category-maroc"],"_links":{"self":[{"href":"https:\/\/linitiative.ca\/International\/wp-json\/wp\/v2\/posts\/28294","targetHints":{"allow":["GET"]}}],"collection":[{"href":"https:\/\/linitiative.ca\/International\/wp-json\/wp\/v2\/posts"}],"about":[{"href":"https:\/\/linitiative.ca\/International\/wp-json\/wp\/v2\/types\/post"}],"author":[{"embeddable":true,"href":"https:\/\/linitiative.ca\/International\/wp-json\/wp\/v2\/users\/1759"}],"replies":[{"embeddable":true,"href":"https:\/\/linitiative.ca\/International\/wp-json\/wp\/v2\/comments?post=28294"}],"version-history":[{"count":0,"href":"https:\/\/linitiative.ca\/International\/wp-json\/wp\/v2\/posts\/28294\/revisions"}],"wp:attachment":[{"href":"https:\/\/linitiative.ca\/International\/wp-json\/wp\/v2\/media?parent=28294"}],"wp:term":[{"taxonomy":"category","embeddable":true,"href":"https:\/\/linitiative.ca\/International\/wp-json\/wp\/v2\/categories?post=28294"},{"taxonomy":"post_tag","embeddable":true,"href":"https:\/\/linitiative.ca\/International\/wp-json\/wp\/v2\/tags?post=28294"}],"curies":[{"name":"wp","href":"https:\/\/api.w.org\/{rel}","templated":true}]}}