{"id":28308,"date":"2019-04-17T05:28:20","date_gmt":"2019-04-17T09:28:20","guid":{"rendered":"https:\/\/linitiative.ca\/International\/production-gaziere-greve-de-trois-jours-du-personnel-de-perenco-a-partir-du-22-avril\/"},"modified":"2019-04-17T05:28:20","modified_gmt":"2019-04-17T09:28:20","slug":"production-gaziere-greve-de-trois-jours-du-personnel-de-perenco-a-partir-du-22-avril","status":"publish","type":"post","link":"https:\/\/linitiative.ca\/International\/production-gaziere-greve-de-trois-jours-du-personnel-de-perenco-a-partir-du-22-avril\/","title":{"rendered":"Production gazi\u00e8re : Gr\u00e8ve de trois jours du personnel de Perenco \u00e0 partir du 22 avril"},"content":{"rendered":"<p>Les agents et cadres de la compagnie fran\u00e7aise Perenco, exploitant le gisement gazier \u00ab Chergui \u00bb \u00e0 Kerkennah (Sfax), observeront une gr\u00e8ve les 22, 23 et 24 avril courant.<\/p>\n<p>La gr\u00e8ve est d\u00e9cid\u00e9e suite au d\u00e9sengagement de la direction de la compagnie \u00e0 r\u00e9pondre \u00e0 leurs revendications professionnelles et sociales et son refus de l\u2019application de la r\u00e9glementation en vigueur, selon le pr\u00e9avis de gr\u00e8ve rendu public par le syndicat de base des agents et des cadres de la compagnie.<\/p>\n<p>Les revendications portent notamment sur la r\u00e9gularisation des situations professionnelles et mat\u00e9rielles avec, en particulier, la mise en place d\u2019un organigramme, la mise en application de la convention, l\u2019attribution des primes de rendement de l\u2019ann\u00e9e 2018 et la mise en place des crit\u00e8res de distribution des primes de rendement pour l\u2019ann\u00e9e 2019.<\/p>\n<p>Pour rappel, la compagnie Perenco a rachet\u00e9 les parts de la compagnie p\u00e9troli\u00e8re britannique \u00ab Petrofac \u00bb dans l\u2019exploitation du gisement Chergui, estim\u00e9es \u00e0 45%.<\/p>\n<p class=\"dpsp-share-text\">Partager c&rsquo;est aimer!<\/p>\n<div class=\"wp-post-author-wrap wp-post-author-shortcode left\">\n<h3 class=\"awpa-title\"\/>\n<div class=\"wp-post-author\">\n<div class=\"awpa-img awpa-author-block square\"><a href=\"http:\/\/lexpertjournal.net\/fr\/author\/expert\/\"><img loading=\"lazy\" decoding=\"async\" alt=\"\" src=\"http:\/\/2.gravatar.com\/avatar\/56d99be2a6f97af88ccb49fada637fcd?s=150&#038;d=mm&#038;r=g\" srcset=\"http:\/\/2.gravatar.com\/avatar\/56d99be2a6f97af88ccb49fada637fcd?s=300&#038;d=mm&#038;r=g 2x\" class=\"avatar avatar-150 photo\" height=\"150\" width=\"150\"\/><\/a><\/div>\n<\/div>\n<\/div>\n<p>Auteur: L&rsquo;expert<br \/>\n<a href=\"http:\/\/lexpertjournal.net\/fr\/2019\/04\/17\/production-gaziere-greve-de-trois-jours-du-personnel-de-perenco-a-partir-du-22-avril\/\">Cliquez ici pour lire l&rsquo;article depuis sa source.<\/a><\/p>\n","protected":false},"excerpt":{"rendered":"<p>Les agents et cadres de la compagnie fran\u00e7aise Perenco, exploitant le gisement gazier \u00ab Chergui \u00bb \u00e0 Kerkennah (Sfax), observeront une gr\u00e8ve les 22, 23 et 24 avril courant. La gr\u00e8ve est d\u00e9cid\u00e9e suite au d\u00e9sengagement de la direction de la compagnie \u00e0 r\u00e9pondre \u00e0 leurs revendications professionnelles et sociales et son refus de l\u2019application [&hellip;]<\/p>\n","protected":false},"author":1775,"featured_media":0,"comment_status":"closed","ping_status":"closed","sticky":false,"template":"","format":"standard","meta":{"fifu_image_url":"","fifu_image_alt":"","footnotes":""},"categories":[78,55],"tags":[],"class_list":["post-28308","post","type-post","status-publish","format-standard","hentry","category-economie","category-tunisie"],"_links":{"self":[{"href":"https:\/\/linitiative.ca\/International\/wp-json\/wp\/v2\/posts\/28308","targetHints":{"allow":["GET"]}}],"collection":[{"href":"https:\/\/linitiative.ca\/International\/wp-json\/wp\/v2\/posts"}],"about":[{"href":"https:\/\/linitiative.ca\/International\/wp-json\/wp\/v2\/types\/post"}],"author":[{"embeddable":true,"href":"https:\/\/linitiative.ca\/International\/wp-json\/wp\/v2\/users\/1775"}],"replies":[{"embeddable":true,"href":"https:\/\/linitiative.ca\/International\/wp-json\/wp\/v2\/comments?post=28308"}],"version-history":[{"count":0,"href":"https:\/\/linitiative.ca\/International\/wp-json\/wp\/v2\/posts\/28308\/revisions"}],"wp:attachment":[{"href":"https:\/\/linitiative.ca\/International\/wp-json\/wp\/v2\/media?parent=28308"}],"wp:term":[{"taxonomy":"category","embeddable":true,"href":"https:\/\/linitiative.ca\/International\/wp-json\/wp\/v2\/categories?post=28308"},{"taxonomy":"post_tag","embeddable":true,"href":"https:\/\/linitiative.ca\/International\/wp-json\/wp\/v2\/tags?post=28308"}],"curies":[{"name":"wp","href":"https:\/\/api.w.org\/{rel}","templated":true}]}}