{"id":28309,"date":"2019-04-17T05:33:11","date_gmt":"2019-04-17T09:33:11","guid":{"rendered":"https:\/\/linitiative.ca\/International\/logements-sociaux-a-el-fejja-marche-public-vereux-qui-demande-reparations\/"},"modified":"2019-04-17T05:33:11","modified_gmt":"2019-04-17T09:33:11","slug":"logements-sociaux-a-el-fejja-marche-public-vereux-qui-demande-reparations","status":"publish","type":"post","link":"https:\/\/linitiative.ca\/International\/logements-sociaux-a-el-fejja-marche-public-vereux-qui-demande-reparations\/","title":{"rendered":"Logements sociaux \u00e0 EL Fejja :  March\u00e9 public v\u00e9reux qui demande r\u00e9parations"},"content":{"rendered":"<p>Le secteur des b\u00e2timents et des travaux public a, de tous temps, \u00e9t\u00e9 entach\u00e9s d\u2019infractions et de malversations, surtout que le contr\u00f4le du produit fini laisse \u00e0 d\u00e9sirer et cela se confirme, avec le projet de logements d\u2019El Fejja (Gouvernorat de la Manouba) o\u00f9 des d\u00e9faillances et carences ont caract\u00e9ris\u00e9 la construction. Les entreprises de b\u00e2timent et de travaux publics (BTP) charg\u00e9es du projet seront dans l\u2019obligation de r\u00e9parer rapidement, afin de pouvoir respecter les d\u00e9lais de livraison des logements, selon le ministre de l\u2019Equipement, de l\u2019Habitat et de l\u2019am\u00e9nagement du territoire, Noureddine Salmi.<\/p>\n<p>Il a pr\u00e9cis\u00e9, lors d\u2019une visite effectu\u00e9e mardi \u00e0 ce projet, que ces points faibles et ces d\u00e9faillances sont dus au manque de s\u00e9rieux de certains entrepreneurs, avec des mat\u00e9riaux dont la qualit\u00e9 laisse \u00e0 d\u00e9sirer<\/p>\n<p>Il a affirm\u00e9 que son d\u00e9partement ne tol\u00e8re pas pareilles d\u00e9faillances et le non-respect des cahiers des charges, ajoutant que \u00ab le contrat doit \u00eatre r\u00e9sili\u00e9 si les entreprises refusent de rem\u00e9dier \u00e0 aux d\u00e9faillances enregistr\u00e9es \u00bb. Mais, a-t-il poursuivi, le d\u00e9partement de l\u2019Equipement s\u2019engagent \u00e0 parachever le projet avec les entrepreneurs charg\u00e9s de la r\u00e9alisation, \u00e0 condition de r\u00e9parer les d\u00e9faillances, de combler les carences et d\u2019appliquer le cahier des charges en vue de parachever les travaux dans les d\u00e9lais impartis.<\/p>\n<p>Lors d\u2019une visite de terrain effectu\u00e9e mardi au gouvernorat de Manouba, le ministre a pris connaissance des prototypes de ce projet d\u2019habitat (dont le taux de r\u00e9alisation a d\u00e9pass\u00e9 70%), qui compte 1535 logements dont 615 logements individuels et 920 logements collectifs, pr\u00e9vus dans le cadre du projet sp\u00e9cifique des logements sociaux dans la r\u00e9gion.<\/p>\n<p>La distribution des logements aux b\u00e9n\u00e9ficiaires est pr\u00e9vue avant la prochaine rentr\u00e9e scolaire, a-t-il dit pr\u00e9cisant que le co\u00fbt global s\u2019\u00e9l\u00e8ve \u00e0 50 mille dinars pour les logements collectifs et 70 mille dinars pour les logements individuels, dont la moiti\u00e9 est pris en charge par l\u2019Etat et rembours\u00e9 sur 25 ans, \u00e0 raison de 70 ou 60 dinars par mois avec une ann\u00e9e de gr\u00e2ce et sans int\u00e9r\u00eat.<\/p>\n<p>Il a indiqu\u00e9 que la commission r\u00e9gionale du gouvernorat de Manouba et la commission nationale se penchent actuellement, sur la s\u00e9lection des dossiers qui sont au nombre de 5 mille demandes conformes aux exigences et aux conditions requises et ce parmi les 11 mille demandes approuv\u00e9es dans ce cadre.<\/p>\n<p class=\"dpsp-share-text\">Partager c&rsquo;est aimer!<\/p>\n<div class=\"wp-post-author-wrap wp-post-author-shortcode left\">\n<h3 class=\"awpa-title\"\/>\n<div class=\"wp-post-author\">\n<div class=\"awpa-img awpa-author-block square\"><a href=\"http:\/\/lexpertjournal.net\/fr\/author\/expert\/\"><img loading=\"lazy\" decoding=\"async\" alt=\"\" src=\"http:\/\/2.gravatar.com\/avatar\/56d99be2a6f97af88ccb49fada637fcd?s=150&#038;d=mm&#038;r=g\" srcset=\"http:\/\/2.gravatar.com\/avatar\/56d99be2a6f97af88ccb49fada637fcd?s=300&#038;d=mm&#038;r=g 2x\" class=\"avatar avatar-150 photo\" height=\"150\" width=\"150\"\/><\/a><\/div>\n<\/div>\n<\/div>\n<p>Auteur: L&rsquo;expert<br \/>\n<a href=\"http:\/\/lexpertjournal.net\/fr\/2019\/04\/17\/logements-sociaux-a-el-fejja-marche-public-vereux-qui-demande-reparations\/\">Cliquez ici pour lire l&rsquo;article depuis sa source.<\/a><\/p>\n","protected":false},"excerpt":{"rendered":"<p>Le secteur des b\u00e2timents et des travaux public a, de tous temps, \u00e9t\u00e9 entach\u00e9s d\u2019infractions et de malversations, surtout que le contr\u00f4le du produit fini laisse \u00e0 d\u00e9sirer et cela se confirme, avec le projet de logements d\u2019El Fejja (Gouvernorat de la Manouba) o\u00f9 des d\u00e9faillances et carences ont caract\u00e9ris\u00e9 la construction. Les entreprises de [&hellip;]<\/p>\n","protected":false},"author":1775,"featured_media":0,"comment_status":"closed","ping_status":"closed","sticky":false,"template":"","format":"standard","meta":{"fifu_image_url":"","fifu_image_alt":"","footnotes":""},"categories":[78,55],"tags":[],"class_list":["post-28309","post","type-post","status-publish","format-standard","hentry","category-economie","category-tunisie"],"_links":{"self":[{"href":"https:\/\/linitiative.ca\/International\/wp-json\/wp\/v2\/posts\/28309","targetHints":{"allow":["GET"]}}],"collection":[{"href":"https:\/\/linitiative.ca\/International\/wp-json\/wp\/v2\/posts"}],"about":[{"href":"https:\/\/linitiative.ca\/International\/wp-json\/wp\/v2\/types\/post"}],"author":[{"embeddable":true,"href":"https:\/\/linitiative.ca\/International\/wp-json\/wp\/v2\/users\/1775"}],"replies":[{"embeddable":true,"href":"https:\/\/linitiative.ca\/International\/wp-json\/wp\/v2\/comments?post=28309"}],"version-history":[{"count":0,"href":"https:\/\/linitiative.ca\/International\/wp-json\/wp\/v2\/posts\/28309\/revisions"}],"wp:attachment":[{"href":"https:\/\/linitiative.ca\/International\/wp-json\/wp\/v2\/media?parent=28309"}],"wp:term":[{"taxonomy":"category","embeddable":true,"href":"https:\/\/linitiative.ca\/International\/wp-json\/wp\/v2\/categories?post=28309"},{"taxonomy":"post_tag","embeddable":true,"href":"https:\/\/linitiative.ca\/International\/wp-json\/wp\/v2\/tags?post=28309"}],"curies":[{"name":"wp","href":"https:\/\/api.w.org\/{rel}","templated":true}]}}