{"id":28310,"date":"2019-04-17T05:38:20","date_gmt":"2019-04-17T09:38:20","guid":{"rendered":"https:\/\/linitiative.ca\/International\/normes-comptables-ifrs-la-migration-un-mal-necessaire-pour-la-bct\/"},"modified":"2019-04-17T05:38:20","modified_gmt":"2019-04-17T09:38:20","slug":"normes-comptables-ifrs-la-migration-un-mal-necessaire-pour-la-bct","status":"publish","type":"post","link":"https:\/\/linitiative.ca\/International\/normes-comptables-ifrs-la-migration-un-mal-necessaire-pour-la-bct\/","title":{"rendered":"Normes comptables IFRS :  La migration, un mal n\u00e9cessaire pour la BCT"},"content":{"rendered":"<p>\u00ab La migration vers les normes comptables internationales IFRS est fondamentale \u00bb, a soulign\u00e9 le gouverneur de la Banque centrale de Tunisie (BCT) Marouane Abassi.<\/p>\n<p>Abassi qui cl\u00f4turait une conf\u00e9rence sur le th\u00e8me \u00ab Transition du secteur financier vers les IFRS \u00bb organis\u00e9e, mardi, \u00e0 Tunis, par l\u2019Association professionnelle tunisienne des banques et des \u00e9tablissements financiers (APBEF) et la Banque europ\u00e9enne pour la reconstruction et le d\u00e9veloppement (BERD), a aussi consid\u00e9r\u00e9 qu\u2019il faut se pr\u00e9parer \u00e0 cette logique de normalisation qui est compliqu\u00e9e et difficile mais qui doit \u00eatre engag\u00e9e le plus t\u00f4t possible.<\/p>\n<p>Le gouverneur a, par ailleurs, estim\u00e9 que \u00ab cette voie de normalisation nous contraint \u00e0 \u00eatre plus exigeants envers nous-m\u00eames en termes de transparence et de gouvernance, ce qui pourrait \u00eatre douloureux et co\u00fbteux au d\u00e9part, mais c\u2019est la voie privil\u00e9gi\u00e9e par les op\u00e9rateurs \u00e9conomiques internationaux qui pr\u00e9f\u00e8rent avoir affaire \u00e0 une \u00e9conomie soutenable \u00bb.<\/p>\n<p>\u00ab La BCT n\u2019attend plus. Elle est fin pr\u00eate \u00e0 cet exercice, comme le reste du syst\u00e8me financier que je pense tout aussi pr\u00eat \u00e0 cette convergence vers les standards internationaux \u00ab , a-t-il dit.<\/p>\n<p>Il a aussi fait savoir que la BCT vient d\u2019achever son premier plan strat\u00e9gique 2019-2021 qui constitue un projet structurant pour la banque et qui pourrait favoriser l\u2019adoption des diff\u00e9rents standards internationaux.<\/p>\n<p>Il a, aussi, soulign\u00e9 la n\u00e9cessit\u00e9 pour le secteur financier tunisien de s\u2019inscrire dans les avanc\u00e9es technologiques qui changent radicalement la profession financi\u00e8re de par le monde, insistant sur l\u2019importance de la r\u00e9gulation \u00e0 cet \u00e9gard.<\/p>\n<p>Et de conclure, \u00ab la migration vers les normes IFRS est \u00e9conomiquement possible m\u00eame si elle sera difficile. Face \u00e0 cette difficult\u00e9, la meilleure des choses \u00e0 faire c\u2019est d\u2019\u00eatre dans l\u2019action et nous sommes en plein dedans \u00bb.<\/p>\n<p class=\"dpsp-share-text\">Partager c&rsquo;est aimer!<\/p>\n<div class=\"wp-post-author-wrap wp-post-author-shortcode left\">\n<h3 class=\"awpa-title\"\/>\n<div class=\"wp-post-author\">\n<div class=\"awpa-img awpa-author-block square\"><a href=\"http:\/\/lexpertjournal.net\/fr\/author\/expert\/\"><img loading=\"lazy\" decoding=\"async\" alt=\"\" src=\"http:\/\/2.gravatar.com\/avatar\/56d99be2a6f97af88ccb49fada637fcd?s=150&#038;d=mm&#038;r=g\" srcset=\"http:\/\/2.gravatar.com\/avatar\/56d99be2a6f97af88ccb49fada637fcd?s=300&#038;d=mm&#038;r=g 2x\" class=\"avatar avatar-150 photo\" height=\"150\" width=\"150\"\/><\/a><\/div>\n<\/div>\n<\/div>\n<p>Auteur: L&rsquo;expert<br \/>\n<a href=\"http:\/\/lexpertjournal.net\/fr\/2019\/04\/17\/normes-comptables-ifrs-la-migration-un-mal-necessaire-pour-la-bct\/\">Cliquez ici pour lire l&rsquo;article depuis sa source.<\/a><\/p>\n","protected":false},"excerpt":{"rendered":"<p>\u00ab La migration vers les normes comptables internationales IFRS est fondamentale \u00bb, a soulign\u00e9 le gouverneur de la Banque centrale de Tunisie (BCT) Marouane Abassi. Abassi qui cl\u00f4turait une conf\u00e9rence sur le th\u00e8me \u00ab Transition du secteur financier vers les IFRS \u00bb organis\u00e9e, mardi, \u00e0 Tunis, par l\u2019Association professionnelle tunisienne des banques et des \u00e9tablissements [&hellip;]<\/p>\n","protected":false},"author":1775,"featured_media":0,"comment_status":"closed","ping_status":"closed","sticky":false,"template":"","format":"standard","meta":{"fifu_image_url":"","fifu_image_alt":"","footnotes":""},"categories":[78,55],"tags":[],"class_list":["post-28310","post","type-post","status-publish","format-standard","hentry","category-economie","category-tunisie"],"_links":{"self":[{"href":"https:\/\/linitiative.ca\/International\/wp-json\/wp\/v2\/posts\/28310","targetHints":{"allow":["GET"]}}],"collection":[{"href":"https:\/\/linitiative.ca\/International\/wp-json\/wp\/v2\/posts"}],"about":[{"href":"https:\/\/linitiative.ca\/International\/wp-json\/wp\/v2\/types\/post"}],"author":[{"embeddable":true,"href":"https:\/\/linitiative.ca\/International\/wp-json\/wp\/v2\/users\/1775"}],"replies":[{"embeddable":true,"href":"https:\/\/linitiative.ca\/International\/wp-json\/wp\/v2\/comments?post=28310"}],"version-history":[{"count":0,"href":"https:\/\/linitiative.ca\/International\/wp-json\/wp\/v2\/posts\/28310\/revisions"}],"wp:attachment":[{"href":"https:\/\/linitiative.ca\/International\/wp-json\/wp\/v2\/media?parent=28310"}],"wp:term":[{"taxonomy":"category","embeddable":true,"href":"https:\/\/linitiative.ca\/International\/wp-json\/wp\/v2\/categories?post=28310"},{"taxonomy":"post_tag","embeddable":true,"href":"https:\/\/linitiative.ca\/International\/wp-json\/wp\/v2\/tags?post=28310"}],"curies":[{"name":"wp","href":"https:\/\/api.w.org\/{rel}","templated":true}]}}