{"id":28311,"date":"2019-04-17T05:42:12","date_gmt":"2019-04-17T09:42:12","guid":{"rendered":"https:\/\/linitiative.ca\/International\/lancement-du-projet-chabeb-coup-de-fouet-au-financement-des-micro-entreprises\/"},"modified":"2019-04-17T05:42:12","modified_gmt":"2019-04-17T09:42:12","slug":"lancement-du-projet-chabeb-coup-de-fouet-au-financement-des-micro-entreprises","status":"publish","type":"post","link":"https:\/\/linitiative.ca\/International\/lancement-du-projet-chabeb-coup-de-fouet-au-financement-des-micro-entreprises\/","title":{"rendered":"Lancement du projet \u00ab Chabeb \u00bb :  Coup de fouet au financement des micro-entreprises"},"content":{"rendered":"<p>Un projet baptis\u00e9 \u00ab Chabeb \u00bb (jeunes) a \u00e9t\u00e9 lanc\u00e9, mardi, pour financer pr\u00e8s de 20 micro-projets au profit des jeunes cibl\u00e9s par 4 centres d\u2019encadrement social, a annonc\u00e9 Douha Jourchi, directrice ex\u00e9cutive de l\u2019association \u00ab Ado plus \u00ab .<\/p>\n<p>S\u2019exprimant lors d\u2019une journ\u00e9e d\u2019\u00e9tude organis\u00e9e \u00e0 Tunis, elle a soulign\u00e9 que ce projet est lanc\u00e9 par l\u2019association Chabeb en partenariat avec l\u2019organisation fran\u00e7aise Sant\u00e9-Sud et les \u00e9tablissements relevant du minist\u00e8re des Affaires sociales et du minist\u00e8re de la Femme, de la famille, de l\u2019enfance et des s\u00e9niors, et avec l\u2019appui de l\u2019Agence fran\u00e7aise de d\u00e9veloppement.<\/p>\n<p>\u00ab Ce projet a pour objectif de fournir l\u2019accompagnement n\u00e9cessaire aux jeunes pris en charge par les centres d\u2019Encadrement et d\u2019Orientation Sociale de Douar Hicher et de Naassen, le Centre int\u00e9gr\u00e9 de la jeunesse et l\u2019enfance de Borj el Amri, et le Centre social d\u2019Observation des Enfants de la Manouba \u00bb, a-t-elle indiqu\u00e9.<\/p>\n<p>Plusieurs sessions de formation seront organis\u00e9es, dans le cadre de ce projet qui se d\u00e9roule sur la p\u00e9riode de 2019-2021, au profit du personnel des centres sociaux pr\u00e9cit\u00e9s et des jeunes pris en charge par des associations, dans l\u2019optique de d\u00e9velopper leur capacit\u00e9, a-t-elle indiqu\u00e9.<\/p>\n<p>Ce projet a \u00e9t\u00e9 lanc\u00e9 sur fond de chiffres et statistiques alarmants portant sur l\u2019abandon scolaire de 300 \u00e9l\u00e8ves par jour, dont certains s\u2019orientent vers la formation professionnelle,alors que le sort de plusieurs parmi eux reste inconnu, a-t-elle regrett\u00e9.<\/p>\n<p>De son c\u00f4t\u00e9, le responsable de la direction g\u00e9n\u00e9rale de la promotion sociale, Mohamed Ben Youchaa a affirm\u00e9 que les centres sociaux s\u00e9lectionn\u00e9s sont les plus fragiles, vu qu\u2019ils accueillent des jeunes en danger et confront\u00e9s aux risques de la radicalisation.<\/p>\n<p>Il a insist\u00e9 sur l\u2019importance de redonner confiance aux jeunes et de les consid\u00e9rer comme acteurs efficaces et productifs.<\/p>\n<p class=\"dpsp-share-text\">Partager c&rsquo;est aimer!<\/p>\n<div class=\"wp-post-author-wrap wp-post-author-shortcode left\">\n<h3 class=\"awpa-title\"\/>\n<div class=\"wp-post-author\">\n<div class=\"awpa-img awpa-author-block square\"><a href=\"http:\/\/lexpertjournal.net\/fr\/author\/expert\/\"><img loading=\"lazy\" decoding=\"async\" alt=\"\" src=\"http:\/\/2.gravatar.com\/avatar\/56d99be2a6f97af88ccb49fada637fcd?s=150&#038;d=mm&#038;r=g\" srcset=\"http:\/\/2.gravatar.com\/avatar\/56d99be2a6f97af88ccb49fada637fcd?s=300&#038;d=mm&#038;r=g 2x\" class=\"avatar avatar-150 photo\" height=\"150\" width=\"150\"\/><\/a><\/div>\n<\/div>\n<\/div>\n<p>Auteur: L&rsquo;expert<br \/>\n<a href=\"http:\/\/lexpertjournal.net\/fr\/2019\/04\/17\/lancement-du-projet-chabeb-coup-de-fouet-au-financement-des-micro-entreprises\/\">Cliquez ici pour lire l&rsquo;article depuis sa source.<\/a><\/p>\n","protected":false},"excerpt":{"rendered":"<p>Un projet baptis\u00e9 \u00ab Chabeb \u00bb (jeunes) a \u00e9t\u00e9 lanc\u00e9, mardi, pour financer pr\u00e8s de 20 micro-projets au profit des jeunes cibl\u00e9s par 4 centres d\u2019encadrement social, a annonc\u00e9 Douha Jourchi, directrice ex\u00e9cutive de l\u2019association \u00ab Ado plus \u00ab . S\u2019exprimant lors d\u2019une journ\u00e9e d\u2019\u00e9tude organis\u00e9e \u00e0 Tunis, elle a soulign\u00e9 que ce projet est [&hellip;]<\/p>\n","protected":false},"author":1775,"featured_media":0,"comment_status":"closed","ping_status":"closed","sticky":false,"template":"","format":"standard","meta":{"fifu_image_url":"","fifu_image_alt":"","footnotes":""},"categories":[78,55],"tags":[],"class_list":["post-28311","post","type-post","status-publish","format-standard","hentry","category-economie","category-tunisie"],"_links":{"self":[{"href":"https:\/\/linitiative.ca\/International\/wp-json\/wp\/v2\/posts\/28311","targetHints":{"allow":["GET"]}}],"collection":[{"href":"https:\/\/linitiative.ca\/International\/wp-json\/wp\/v2\/posts"}],"about":[{"href":"https:\/\/linitiative.ca\/International\/wp-json\/wp\/v2\/types\/post"}],"author":[{"embeddable":true,"href":"https:\/\/linitiative.ca\/International\/wp-json\/wp\/v2\/users\/1775"}],"replies":[{"embeddable":true,"href":"https:\/\/linitiative.ca\/International\/wp-json\/wp\/v2\/comments?post=28311"}],"version-history":[{"count":0,"href":"https:\/\/linitiative.ca\/International\/wp-json\/wp\/v2\/posts\/28311\/revisions"}],"wp:attachment":[{"href":"https:\/\/linitiative.ca\/International\/wp-json\/wp\/v2\/media?parent=28311"}],"wp:term":[{"taxonomy":"category","embeddable":true,"href":"https:\/\/linitiative.ca\/International\/wp-json\/wp\/v2\/categories?post=28311"},{"taxonomy":"post_tag","embeddable":true,"href":"https:\/\/linitiative.ca\/International\/wp-json\/wp\/v2\/tags?post=28311"}],"curies":[{"name":"wp","href":"https:\/\/api.w.org\/{rel}","templated":true}]}}