{"id":28312,"date":"2019-04-17T05:47:24","date_gmt":"2019-04-17T09:47:24","guid":{"rendered":"https:\/\/linitiative.ca\/International\/rendez-vous-annuel-des-juifs-du-monde-entier-a-djerba-le-pari-de-rene-trabelsi-pour-le-pelerinage-de-la-ghriba\/"},"modified":"2019-04-17T05:47:24","modified_gmt":"2019-04-17T09:47:24","slug":"rendez-vous-annuel-des-juifs-du-monde-entier-a-djerba-le-pari-de-rene-trabelsi-pour-le-pelerinage-de-la-ghriba","status":"publish","type":"post","link":"https:\/\/linitiative.ca\/International\/rendez-vous-annuel-des-juifs-du-monde-entier-a-djerba-le-pari-de-rene-trabelsi-pour-le-pelerinage-de-la-ghriba\/","title":{"rendered":"Rendez-vous annuel des Juifs du monde entier \u00e0 Djerba Le pari de Ren\u00e9 Trabelsi pour le p\u00e8lerinage de la Ghriba"},"content":{"rendered":"<p>Second lieu de culte du Juda\u00efsme, apr\u00e8s AL Qods (J\u00e9rusalem pour les Isra\u00e8liens), la synagogue de la Ghriba situ\u00e9e, dans la petite Hara de l\u2019\u00eele des r\u00eaves, Djerba, attire chaque ann\u00e9e des milliers de Juif, pour c\u00e9l\u00e9brer leur culte, en toute qui\u00e9tude et tranquillit\u00e9.<\/p>\n<p>Tous les efforts pour perp\u00e9tuer cette tradition sont dus au ministre actuel du Tourisme et de l\u2019Artisanat, Ren\u00e9 Trabelsi, un compatriote de confession juive, bien avant sa nomination \u00e0 la t\u00eate de ce d\u00e9partement.<\/p>\n<p>Sa d\u00e9signation en tant que ministre a donn\u00e9 un coup de fouet \u00e0 ce p\u00e8lerinage et il tient le pari de doubler le nombre de visiteurs, durant cette ann\u00e9e, avec l\u2019id\u00e9e que la Tunisie demeure, comme toujours, le pays de la coexistence pacifique entre les peuples et les religions<\/p>\n<p>Entre 7 et 8 mille visiteurs sont attendus, les 22 et 23 mai 2019 \u00e0 Djerba, pour le p\u00e8lerinage de la synagogue de la Ghriba \u00e0 l\u2019Ile de Djerba (sud de la Tunisie), soit le double par rapport \u00e0 l\u2019ann\u00e9e derni\u00e8re, a d\u00e9clar\u00e9, le ministre du Tourisme et de l\u2019Artisanat Ren\u00e9 Trabelsi.<\/p>\n<p>Le ministre, qui effectuait une visite \u00e0 Djerba, a ajout\u00e9 que de nombreux journalistes, des personnalit\u00e9s politiques, religieuses et du monde des arts et de la culture de plusieurs pays, dont la Russie et les Etats-Unis seront pr\u00e9sents \u00e0 ce rituel annuel de deux jours.<\/p>\n<p>Il a ajout\u00e9 que la concomitance de cet \u00e9v\u00e8nement religieux avec le mois de Ramadhan offrira l\u2019opportunit\u00e9 pour donner la meilleure image d\u2019une Tunisie tol\u00e9rante et o\u00f9 il fait bon vivre.<\/p>\n<p class=\"dpsp-share-text\">Partager c&rsquo;est aimer!<\/p>\n<div class=\"wp-post-author-wrap wp-post-author-shortcode left\">\n<h3 class=\"awpa-title\"\/>\n<div class=\"wp-post-author\">\n<div class=\"awpa-img awpa-author-block square\"><a href=\"http:\/\/lexpertjournal.net\/fr\/author\/expert\/\"><img loading=\"lazy\" decoding=\"async\" alt=\"\" src=\"http:\/\/2.gravatar.com\/avatar\/56d99be2a6f97af88ccb49fada637fcd?s=150&#038;d=mm&#038;r=g\" srcset=\"http:\/\/2.gravatar.com\/avatar\/56d99be2a6f97af88ccb49fada637fcd?s=300&#038;d=mm&#038;r=g 2x\" class=\"avatar avatar-150 photo\" height=\"150\" width=\"150\"\/><\/a><\/div>\n<\/div>\n<\/div>\n<p>Auteur: L&rsquo;expert<br \/>\n<a href=\"http:\/\/lexpertjournal.net\/fr\/2019\/04\/17\/rendez-vous-annuel-des-juifs-du-monde-entier-a-djerba-le-pari-de-rene-trabelsi-pour-le-pelerinage-de-la-ghriba\/\">Cliquez ici pour lire l&rsquo;article depuis sa source.<\/a><\/p>\n","protected":false},"excerpt":{"rendered":"<p>Second lieu de culte du Juda\u00efsme, apr\u00e8s AL Qods (J\u00e9rusalem pour les Isra\u00e8liens), la synagogue de la Ghriba situ\u00e9e, dans la petite Hara de l\u2019\u00eele des r\u00eaves, Djerba, attire chaque ann\u00e9e des milliers de Juif, pour c\u00e9l\u00e9brer leur culte, en toute qui\u00e9tude et tranquillit\u00e9. Tous les efforts pour perp\u00e9tuer cette tradition sont dus au ministre [&hellip;]<\/p>\n","protected":false},"author":1775,"featured_media":0,"comment_status":"closed","ping_status":"closed","sticky":false,"template":"","format":"standard","meta":{"fifu_image_url":"","fifu_image_alt":"","footnotes":""},"categories":[78,55],"tags":[],"class_list":["post-28312","post","type-post","status-publish","format-standard","hentry","category-economie","category-tunisie"],"_links":{"self":[{"href":"https:\/\/linitiative.ca\/International\/wp-json\/wp\/v2\/posts\/28312","targetHints":{"allow":["GET"]}}],"collection":[{"href":"https:\/\/linitiative.ca\/International\/wp-json\/wp\/v2\/posts"}],"about":[{"href":"https:\/\/linitiative.ca\/International\/wp-json\/wp\/v2\/types\/post"}],"author":[{"embeddable":true,"href":"https:\/\/linitiative.ca\/International\/wp-json\/wp\/v2\/users\/1775"}],"replies":[{"embeddable":true,"href":"https:\/\/linitiative.ca\/International\/wp-json\/wp\/v2\/comments?post=28312"}],"version-history":[{"count":0,"href":"https:\/\/linitiative.ca\/International\/wp-json\/wp\/v2\/posts\/28312\/revisions"}],"wp:attachment":[{"href":"https:\/\/linitiative.ca\/International\/wp-json\/wp\/v2\/media?parent=28312"}],"wp:term":[{"taxonomy":"category","embeddable":true,"href":"https:\/\/linitiative.ca\/International\/wp-json\/wp\/v2\/categories?post=28312"},{"taxonomy":"post_tag","embeddable":true,"href":"https:\/\/linitiative.ca\/International\/wp-json\/wp\/v2\/tags?post=28312"}],"curies":[{"name":"wp","href":"https:\/\/api.w.org\/{rel}","templated":true}]}}