{"id":28328,"date":"2019-04-16T14:27:15","date_gmt":"2019-04-16T18:27:15","guid":{"rendered":"https:\/\/linitiative.ca\/International\/lamalif-group-et-maitre-gims-sallient-et-creent-lamalif-afrique\/"},"modified":"2019-04-16T14:27:15","modified_gmt":"2019-04-16T18:27:15","slug":"lamalif-group-et-maitre-gims-sallient-et-creent-lamalif-afrique","status":"publish","type":"post","link":"https:\/\/linitiative.ca\/International\/lamalif-group-et-maitre-gims-sallient-et-creent-lamalif-afrique\/","title":{"rendered":"Lamalif Group et Maitre Gims s\u2019allient et cr\u00e9ent Lamalif Afrique"},"content":{"rendered":"<div readability=\"39\">\n<p>Marrakech- Un protocole d\u2019accord pour la cr\u00e9ation du Groupe Lamalif Afrique, a \u00e9t\u00e9 sign\u00e9, mardi \u00e0 Marrakech, entre Lamalif Group, leader marocain en urbanisme depuis plus de 20 ans, et la star du rap fran\u00e7ais Maitre Gims.<\/p>\n<\/div>\n<div readability=\"112\">\n<p>Une coop\u00e9ration, qui porte des projets ambitieux pour les pays du Continent\u00a0africain, a ainsi vu le jour avec le lancement de Lamalif Afrique en pr\u00e9sence de la star Maitre Gims et du Pr\u00e9sident-Directeur-G\u00e9n\u00e9ral de Lamalif Group, Moulay Lakbir Alaoui Ismaili.<\/p>\n<p>Cette union permettra un \u00e9change de comp\u00e9tences et de savoir-faire dans le secteur de l\u2019urbanisme entre pays africains alli\u00e9s et permettra aussi \u00e0 Lamalif Group de faire des pays africains alli\u00e9s et fr\u00e8res des chantiers ouverts \u00e0 l\u2019innovation urbanistique, \u00e0 l\u2019am\u00e9nagement des infrastructures et au d\u00e9veloppement des ressources humaines.<\/p>\n<p>Pour la star de la chanson fran\u00e7aise, l\u2019union avec Lamalif Group et la cr\u00e9ation de Lamalif Afrique \u00ab\u00a0ne pourra que servir le capital de ressources humaines africaines\u00a0\u00bb.<\/p>\n<p>\u00ab\u00a0Avec Lamalif Afrique, des projets innovants verront le jour avec l\u2019expertise de Lamalif Group et les jeunes comp\u00e9tences africaines\u00a0\u00bb, a-t-il soutenu.<\/p>\n<p>Et d\u2019ajouter que le d\u00e9veloppement des infrastructures en Afrique est l\u2019une des questions primordiales actuellement.<\/p>\n<p>Il s\u2019agit de mettre en place des villes modernes \u00e0 la pointe de la nouvelle technologie et de former les jeunes africains et leur assurer un emploi dans leurs pays d\u2019origine, a-t-il rench\u00e9ri.<\/p>\n<p>Pour Maitre Gims, cette alliance permettra d\u2019embaucher une nouvelle g\u00e9n\u00e9ration de jeunes travailleurs africains capables d\u2019innover dans les m\u00e9tiers de l\u2019urbanisme.<\/p>\n<p>\u00ab\u00a0Nous offrirons des formations adapt\u00e9es pour les m\u00e9tiers de l\u2019urbanisme, \u00e9clairage public et mobilier urbain, ce qui assurera des emplois d\u00e9cents et prouvera que la comp\u00e9tence africaine peut construire l\u2019Afrique de demain\u00a0\u00bb, a-t-il dit.<\/p>\n<p>\u00ab\u00a0Avec le lancement de Lamalif Afrique, nous portons la vision de renforcer la coop\u00e9ration Sud-Sud \u00e0 travers notre m\u00e9tier de base, l\u2019Urbanisme\u00a0\u00bb, a soulign\u00e9, pour sa part, Moulay Lakbir Alaoui Ismaili.<\/p>\n<p>\u00ab\u00a0Notre ambition est de renforcer les relations bilat\u00e9rales en termes d\u2019investissements entre le Maroc et des pays amis, \u00e0 travers des actions sur le terrain, et des strat\u00e9gies de d\u00e9veloppement urbanistiques, p\u00e9rennes et innovantes\u00a0\u00bb, a-t-il ajout\u00e9.<\/p>\n<p>\u00ab\u00a0Lamalif Group a acquis plus de 20 ans d\u2019exp\u00e9riences dans le secteur, et nous souhaitons exporter ce savoir-faire vers des pays amis du Maroc\u00a0\u00bb, a-t-il ajout\u00e9, indiquant que Lamalif Afrique compte cr\u00e9er et lancer des produits urbanistiques adapt\u00e9s aux pays africains, en se basant d\u2019abord sur le paysage urbain dominant des villes, leur culture et leur l\u2019environnement ainsi que sur leur climat.<\/p>\n<p>Avec cette alliance, Lamalif Afrique ambitionne de mettre en place une v\u00e9ritable impulsion dans le secteur de l\u2019urbanisme.<\/p>\n<p>Le groupe compte lancer des strat\u00e9gies de d\u00e9veloppement visant la modernisation des paysages urbains, tout en conservant l\u2019empreinte marocaine et africaine.<\/p>\n<p>Pour ce faire, Lamalif Afrique a conclu des partenariats de haut niveau avec plusieurs pays, dont la C\u00f4te d\u2019Ivoire, le Mali, le S\u00e9n\u00e9gal et le Tchad.<\/p>\n<\/div>\n<p>Auteur: Mohammed KOURSI<br \/>\n<a href=\"http:\/\/www.mapmarrakech.ma\/fr\/lamalif-group-et-maitre-gims-sallient-et-creent-lamalif-afrique\/\">Cliquez ici pour lire l&rsquo;article depuis sa source.<\/a><\/p>\n","protected":false},"excerpt":{"rendered":"<p>Marrakech- Un protocole d\u2019accord pour la cr\u00e9ation du Groupe Lamalif Afrique, a \u00e9t\u00e9 sign\u00e9, mardi \u00e0 Marrakech, entre Lamalif Group, leader marocain en urbanisme depuis plus de 20 ans, et la star du rap fran\u00e7ais Maitre Gims. Une coop\u00e9ration, qui porte des projets ambitieux pour les pays du Continent\u00a0africain, a ainsi vu le jour avec [&hellip;]<\/p>\n","protected":false},"author":1788,"featured_media":0,"comment_status":"closed","ping_status":"closed","sticky":false,"template":"","format":"standard","meta":{"fifu_image_url":"","fifu_image_alt":"","footnotes":""},"categories":[54,76],"tags":[],"class_list":["post-28328","post","type-post","status-publish","format-standard","hentry","category-maroc","category-regions"],"_links":{"self":[{"href":"https:\/\/linitiative.ca\/International\/wp-json\/wp\/v2\/posts\/28328","targetHints":{"allow":["GET"]}}],"collection":[{"href":"https:\/\/linitiative.ca\/International\/wp-json\/wp\/v2\/posts"}],"about":[{"href":"https:\/\/linitiative.ca\/International\/wp-json\/wp\/v2\/types\/post"}],"author":[{"embeddable":true,"href":"https:\/\/linitiative.ca\/International\/wp-json\/wp\/v2\/users\/1788"}],"replies":[{"embeddable":true,"href":"https:\/\/linitiative.ca\/International\/wp-json\/wp\/v2\/comments?post=28328"}],"version-history":[{"count":0,"href":"https:\/\/linitiative.ca\/International\/wp-json\/wp\/v2\/posts\/28328\/revisions"}],"wp:attachment":[{"href":"https:\/\/linitiative.ca\/International\/wp-json\/wp\/v2\/media?parent=28328"}],"wp:term":[{"taxonomy":"category","embeddable":true,"href":"https:\/\/linitiative.ca\/International\/wp-json\/wp\/v2\/categories?post=28328"},{"taxonomy":"post_tag","embeddable":true,"href":"https:\/\/linitiative.ca\/International\/wp-json\/wp\/v2\/tags?post=28328"}],"curies":[{"name":"wp","href":"https:\/\/api.w.org\/{rel}","templated":true}]}}