{"id":28329,"date":"2019-04-16T14:51:48","date_gmt":"2019-04-16T18:51:48","guid":{"rendered":"https:\/\/linitiative.ca\/International\/wfc-2019-carrefour-mondial-des-depositaires-centraux-des-titres-des-valeurs-mobilieres\/"},"modified":"2019-04-16T14:51:48","modified_gmt":"2019-04-16T18:51:48","slug":"wfc-2019-carrefour-mondial-des-depositaires-centraux-des-titres-des-valeurs-mobilieres","status":"publish","type":"post","link":"https:\/\/linitiative.ca\/International\/wfc-2019-carrefour-mondial-des-depositaires-centraux-des-titres-des-valeurs-mobilieres\/","title":{"rendered":"WFC 2019, carrefour mondial des d\u00e9positaires centraux des titres des valeurs mobili\u00e8res"},"content":{"rendered":"<p><iframe loading=\"lazy\" width=\"1170\" height=\"658\" src=\"https:\/\/www.youtube.com\/embed\/me_sTcAfOl8?feature=oembed\" frameborder=\"0\" allow=\"accelerometer; autoplay; encrypted-media; gyroscope; picture-in-picture\" allowfullscreen=\"\">[embedded content]<\/iframe><\/p>\n<div class=\"single-post-excerpt post-excerpt-bc\" readability=\"37\">\n<p>La 5\u00e8me \u00e9dition du Forum mondial des d\u00e9positaires centraux des titres des valeurs mobili\u00e8res (WFC 2019), tenue \u00e0 Marrakech, a \u00e9t\u00e9 un rendez-vous incontournable pour discuter du r\u00f4le crucial que jouent ces institutions dans le secteur financier au niveau national, r\u00e9gional et mondial.<\/p>\n<\/div>\n<p>Auteur: Mohammed KOURSI<br \/>\n<a href=\"http:\/\/www.mapmarrakech.ma\/fr\/wfc-2019-carrefour-mondial-des-depositaires-centraux-des-titres-des-valeurs-mobilieres\/\">Cliquez ici pour lire l&rsquo;article depuis sa source.<\/a><\/p>\n","protected":false},"excerpt":{"rendered":"<p>[embedded content] La 5\u00e8me \u00e9dition du Forum mondial des d\u00e9positaires centraux des titres des valeurs mobili\u00e8res (WFC 2019), tenue \u00e0 Marrakech, a \u00e9t\u00e9 un rendez-vous incontournable pour discuter du r\u00f4le crucial que jouent ces institutions dans le secteur financier au niveau national, r\u00e9gional et mondial. Auteur: Mohammed KOURSI Cliquez ici pour lire l&rsquo;article depuis sa [&hellip;]<\/p>\n","protected":false},"author":1788,"featured_media":0,"comment_status":"closed","ping_status":"closed","sticky":false,"template":"","format":"standard","meta":{"fifu_image_url":"","fifu_image_alt":"","footnotes":""},"categories":[54,76],"tags":[],"class_list":["post-28329","post","type-post","status-publish","format-standard","hentry","category-maroc","category-regions"],"_links":{"self":[{"href":"https:\/\/linitiative.ca\/International\/wp-json\/wp\/v2\/posts\/28329","targetHints":{"allow":["GET"]}}],"collection":[{"href":"https:\/\/linitiative.ca\/International\/wp-json\/wp\/v2\/posts"}],"about":[{"href":"https:\/\/linitiative.ca\/International\/wp-json\/wp\/v2\/types\/post"}],"author":[{"embeddable":true,"href":"https:\/\/linitiative.ca\/International\/wp-json\/wp\/v2\/users\/1788"}],"replies":[{"embeddable":true,"href":"https:\/\/linitiative.ca\/International\/wp-json\/wp\/v2\/comments?post=28329"}],"version-history":[{"count":0,"href":"https:\/\/linitiative.ca\/International\/wp-json\/wp\/v2\/posts\/28329\/revisions"}],"wp:attachment":[{"href":"https:\/\/linitiative.ca\/International\/wp-json\/wp\/v2\/media?parent=28329"}],"wp:term":[{"taxonomy":"category","embeddable":true,"href":"https:\/\/linitiative.ca\/International\/wp-json\/wp\/v2\/categories?post=28329"},{"taxonomy":"post_tag","embeddable":true,"href":"https:\/\/linitiative.ca\/International\/wp-json\/wp\/v2\/tags?post=28329"}],"curies":[{"name":"wp","href":"https:\/\/api.w.org\/{rel}","templated":true}]}}