{"id":28330,"date":"2019-04-16T15:34:03","date_gmt":"2019-04-16T19:34:03","guid":{"rendered":"https:\/\/linitiative.ca\/International\/la-9eme-etape-du-tour-international-cycliste-du-maroc-2019\/"},"modified":"2019-04-16T15:34:03","modified_gmt":"2019-04-16T19:34:03","slug":"la-9eme-etape-du-tour-international-cycliste-du-maroc-2019","status":"publish","type":"post","link":"https:\/\/linitiative.ca\/International\/la-9eme-etape-du-tour-international-cycliste-du-maroc-2019\/","title":{"rendered":"La 9\u00e8me \u00e9tape du Tour international cycliste du Maroc-2019"},"content":{"rendered":"<p><iframe loading=\"lazy\" width=\"1170\" height=\"658\" src=\"https:\/\/www.youtube.com\/embed\/TXccMpwT0YQ?feature=oembed\" frameborder=\"0\" allow=\"accelerometer; autoplay; encrypted-media; gyroscope; picture-in-picture\" allowfullscreen=\"\">[embedded content]<\/iframe><\/p>\n<div class=\"post-header-inner\">\n<div class=\"post-header-title\">\n<p>\n\t\t\t\t<span class=\"time\"><time class=\"post-published updated\" datetime=\"2019-04-16T19:34:03+00:00\"><b><b> 16 avril 2019  <\/b> <\/b><\/time><\/span>\n\t\t\t<\/p>\n<\/p><\/div>\n<\/p><\/div>\n<div class=\"single-post-excerpt post-excerpt-bc\" readability=\"36\">\n<p>Le Marocain Mohamed Amine Galdoune a \u00e9t\u00e9 class\u00e9 deuxi\u00e8me derri\u00e8re le Fran\u00e7ais Orceau Clement lors de la 9\u00e8me \u00e9tape du Tour international cycliste du Maroc, reliant entre B\u00e9ni Mellal et Marrakech sur une distance de 188,5 km<\/p>\n<\/div>\n<p>Auteur: Mohammed KOURSI<br \/>\n<a href=\"http:\/\/www.mapmarrakech.ma\/fr\/la-9eme-etape-du-tour-international-cycliste-du-maroc-2019\/\">Cliquez ici pour lire l&rsquo;article depuis sa source.<\/a><\/p>\n","protected":false},"excerpt":{"rendered":"<p>[embedded content] 16 avril 2019 Le Marocain Mohamed Amine Galdoune a \u00e9t\u00e9 class\u00e9 deuxi\u00e8me derri\u00e8re le Fran\u00e7ais Orceau Clement lors de la 9\u00e8me \u00e9tape du Tour international cycliste du Maroc, reliant entre B\u00e9ni Mellal et Marrakech sur une distance de 188,5 km Auteur: Mohammed KOURSI Cliquez ici pour lire l&rsquo;article depuis sa source.<\/p>\n","protected":false},"author":1788,"featured_media":0,"comment_status":"closed","ping_status":"closed","sticky":false,"template":"","format":"standard","meta":{"fifu_image_url":"","fifu_image_alt":"","footnotes":""},"categories":[54,76],"tags":[],"class_list":["post-28330","post","type-post","status-publish","format-standard","hentry","category-maroc","category-regions"],"_links":{"self":[{"href":"https:\/\/linitiative.ca\/International\/wp-json\/wp\/v2\/posts\/28330","targetHints":{"allow":["GET"]}}],"collection":[{"href":"https:\/\/linitiative.ca\/International\/wp-json\/wp\/v2\/posts"}],"about":[{"href":"https:\/\/linitiative.ca\/International\/wp-json\/wp\/v2\/types\/post"}],"author":[{"embeddable":true,"href":"https:\/\/linitiative.ca\/International\/wp-json\/wp\/v2\/users\/1788"}],"replies":[{"embeddable":true,"href":"https:\/\/linitiative.ca\/International\/wp-json\/wp\/v2\/comments?post=28330"}],"version-history":[{"count":0,"href":"https:\/\/linitiative.ca\/International\/wp-json\/wp\/v2\/posts\/28330\/revisions"}],"wp:attachment":[{"href":"https:\/\/linitiative.ca\/International\/wp-json\/wp\/v2\/media?parent=28330"}],"wp:term":[{"taxonomy":"category","embeddable":true,"href":"https:\/\/linitiative.ca\/International\/wp-json\/wp\/v2\/categories?post=28330"},{"taxonomy":"post_tag","embeddable":true,"href":"https:\/\/linitiative.ca\/International\/wp-json\/wp\/v2\/tags?post=28330"}],"curies":[{"name":"wp","href":"https:\/\/api.w.org\/{rel}","templated":true}]}}