{"id":28331,"date":"2019-04-17T08:48:02","date_gmt":"2019-04-17T12:48:02","guid":{"rendered":"https:\/\/linitiative.ca\/International\/debut-des-travaux-du-5e-forum-regional-africain-sur-le-developpement-durable\/"},"modified":"2019-04-17T08:48:02","modified_gmt":"2019-04-17T12:48:02","slug":"debut-des-travaux-du-5e-forum-regional-africain-sur-le-developpement-durable","status":"publish","type":"post","link":"https:\/\/linitiative.ca\/International\/debut-des-travaux-du-5e-forum-regional-africain-sur-le-developpement-durable\/","title":{"rendered":"D\u00e9but des travaux du 5\u00e8 Forum R\u00e9gional Africain sur le D\u00e9veloppement Durable"},"content":{"rendered":"<div readability=\"37\">\n<p>Marrakech- Les travaux de la cinqui\u00e8me session du Forum R\u00e9gional Africain sur le D\u00e9veloppement Durable (FRADD) ont d\u00e9marr\u00e9, mercredi \u00e0 Marrakech, en pr\u00e9sence du Chef du gouvernement, M. Sa\u00e2d Dine El Otmani.<\/p>\n<\/div>\n<div readability=\"106\">\n<p>Co-organis\u00e9 par le Royaume du Maroc et la Commission Economique des Nations Unies pour l\u2019Afrique-CEA, sous le Haut Patronage de SM le Roi Mohammed VI, ce Forum, plac\u00e9 sous le th\u00e8me \u00ab\u00a0Donner des moyens d\u2019action aux populations et assurer l\u2019inclusion et l\u2019\u00e9galit\u00e9\u00a0\u00bb, conna\u00eet la participation de plusieurs ministres et hauts responsables africains en charge de l\u2019environnement et du d\u00e9veloppement durable.<\/p>\n<p>Cet \u00e9v\u00e9nement continental africain, qui se poursuivra jusqu\u2019au 18 avril, r\u00e9unit \u00e9galement des d\u00e9cideurs et des experts repr\u00e9sentant des gouvernements et des organisations intergouvernementales, le secteur priv\u00e9 et la soci\u00e9t\u00e9 civile.<\/p>\n<p>Ce Forum a pour but d\u2019\u00e9valuer les progr\u00e8s accomplis, d\u2019\u00e9changer les exp\u00e9riences dans le domaine du d\u00e9veloppement durable en Afrique et de formuler des recommandations visant \u00e0 acc\u00e9l\u00e9rer la mise en \u0153uvre de l\u2019Agenda 2030 au niveau r\u00e9gional.<\/p>\n<p>La 5\u00e8 session du Forum intervient aussi dans un contexte particulier marqu\u00e9 par la n\u00e9cessit\u00e9 d\u2019agir rapidement pour ma\u00eetriser les cons\u00e9quences du r\u00e9chauffement climatique, en le limitant \u00e0 un seuil ne d\u00e9passant pas 1.5\u00b0C selon le dernier rapport du Groupe d\u2019experts intergouvernemental sur l\u2019\u00e9volution du climat (GIEC).<\/p>\n<p>Elle constitue \u00e9galement une \u00e9tape cl\u00e9 dans le processus de pr\u00e9paration du Continent africain au Forum Politique de Haut niveau de 2019, qui se tiendra du 9 au 18 juillet prochain \u00e0 New York, sous les auspices du Conseil Economique et Social de l\u2019ONU, et se veut une occasion pour les participants de discuter, \u00e0 l\u2019\u00e9chelle r\u00e9gionale, des objectifs de d\u00e9veloppement durable et des objectifs correspondants de l\u2019Agenda 2063 (la qualit\u00e9 de l\u2019\u00e9ducation, la r\u00e9duction des in\u00e9galit\u00e9s, le travail d\u00e9cent et la croissance \u00e9conomique inclusive, l\u2019action climatique, la paix, la justice et le renforcement des institutions et les moyens de mise en \u0153uvre et partenariat pour le d\u00e9veloppement durable).<\/p>\n<p>Le Maroc, en tant que pays h\u00f4te, prend la rel\u00e8ve du S\u00e9n\u00e9gal pour assurer la pr\u00e9sidence du Forum pour une dur\u00e9e d\u2019une ann\u00e9e et aura ainsi la responsabilit\u00e9 de pr\u00e9senter les recommandations issues de ce conclave au Forum Politique de Haut niveau en juillet prochain.<\/p>\n<p>Parall\u00e8lement aux sessions formelles qui se d\u00e9rouleront en pl\u00e9ni\u00e8res et en travaux de groupe, des \u00e9v\u00e9nements seront organis\u00e9s dans l\u2019objectif de partager les exp\u00e9riences en mati\u00e8re de d\u00e9veloppement durable au niveau r\u00e9gional.<\/p>\n<p>Dans ce cadre, le Maroc organise sept \u00e9v\u00e9nements, notamment en relation avec les th\u00e9matiques des \u00e9nergies renouvelables, la coop\u00e9ration Sud-Sud, la Strat\u00e9gie Nationale de D\u00e9veloppement Durable et celle relative \u00e0 l\u2019Adaptation au changement climatique.<\/p>\n<p>Par l\u2019organisation de ce Forum, le Royaume, terre d\u2019accueil et de fraternit\u00e9, d\u00e9montre encore une fois et conform\u00e9ment aux Hautes Orientations de SM le Roi Mohammed VI, son engagement et sa d\u00e9termination \u00e0 pers\u00e9v\u00e9rer sur la m\u00eame voie vers un d\u00e9veloppement durable et inclusif en Afrique.<\/p>\n<p>A signaler que ce Forum r\u00e9gional est une plateforme intergouvernementale mise en place par la CEA, en collaboration avec d\u2019autres organismes du syst\u00e8me des Nations Unies, la Commission de l\u2019Union Africaine et la Banque Africaine de D\u00e9veloppement.<\/p>\n<\/div>\n<p>Auteur: Mohammed KOURSI<br \/>\n<a href=\"http:\/\/www.mapmarrakech.ma\/fr\/le-5e-forum-regional-africain-sur-le-developpement-durable-entame-ses-travaux-a-marrakech\/\">Cliquez ici pour lire l&rsquo;article depuis sa source.<\/a><\/p>\n","protected":false},"excerpt":{"rendered":"<p>Marrakech- Les travaux de la cinqui\u00e8me session du Forum R\u00e9gional Africain sur le D\u00e9veloppement Durable (FRADD) ont d\u00e9marr\u00e9, mercredi \u00e0 Marrakech, en pr\u00e9sence du Chef du gouvernement, M. Sa\u00e2d Dine El Otmani. Co-organis\u00e9 par le Royaume du Maroc et la Commission Economique des Nations Unies pour l\u2019Afrique-CEA, sous le Haut Patronage de SM le Roi [&hellip;]<\/p>\n","protected":false},"author":1788,"featured_media":0,"comment_status":"closed","ping_status":"closed","sticky":false,"template":"","format":"standard","meta":{"fifu_image_url":"","fifu_image_alt":"","footnotes":""},"categories":[54,76],"tags":[],"class_list":["post-28331","post","type-post","status-publish","format-standard","hentry","category-maroc","category-regions"],"_links":{"self":[{"href":"https:\/\/linitiative.ca\/International\/wp-json\/wp\/v2\/posts\/28331","targetHints":{"allow":["GET"]}}],"collection":[{"href":"https:\/\/linitiative.ca\/International\/wp-json\/wp\/v2\/posts"}],"about":[{"href":"https:\/\/linitiative.ca\/International\/wp-json\/wp\/v2\/types\/post"}],"author":[{"embeddable":true,"href":"https:\/\/linitiative.ca\/International\/wp-json\/wp\/v2\/users\/1788"}],"replies":[{"embeddable":true,"href":"https:\/\/linitiative.ca\/International\/wp-json\/wp\/v2\/comments?post=28331"}],"version-history":[{"count":0,"href":"https:\/\/linitiative.ca\/International\/wp-json\/wp\/v2\/posts\/28331\/revisions"}],"wp:attachment":[{"href":"https:\/\/linitiative.ca\/International\/wp-json\/wp\/v2\/media?parent=28331"}],"wp:term":[{"taxonomy":"category","embeddable":true,"href":"https:\/\/linitiative.ca\/International\/wp-json\/wp\/v2\/categories?post=28331"},{"taxonomy":"post_tag","embeddable":true,"href":"https:\/\/linitiative.ca\/International\/wp-json\/wp\/v2\/tags?post=28331"}],"curies":[{"name":"wp","href":"https:\/\/api.w.org\/{rel}","templated":true}]}}