{"id":28334,"date":"2019-04-17T12:48:52","date_gmt":"2019-04-17T16:48:52","guid":{"rendered":"https:\/\/linitiative.ca\/International\/la-cea-appelle-a-faire-du-fradd-un-catalyseur-pour-des-actions-specifiques-visant-a-accelerer-la-mise-en-oeuvre-du-programme-2030-et-de-lagenda-2063\/"},"modified":"2019-04-17T12:48:52","modified_gmt":"2019-04-17T16:48:52","slug":"la-cea-appelle-a-faire-du-fradd-un-catalyseur-pour-des-actions-specifiques-visant-a-accelerer-la-mise-en-oeuvre-du-programme-2030-et-de-lagenda-2063","status":"publish","type":"post","link":"https:\/\/linitiative.ca\/International\/la-cea-appelle-a-faire-du-fradd-un-catalyseur-pour-des-actions-specifiques-visant-a-accelerer-la-mise-en-oeuvre-du-programme-2030-et-de-lagenda-2063\/","title":{"rendered":"La CEA appelle \u00e0 faire du FRADD un \u00ab\u00a0catalyseur\u00a0\u00bb pour des actions sp\u00e9cifiques visant \u00e0 acc\u00e9l\u00e9rer la mise en oeuvre du Programme 2030 et de l\u2019Agenda 2063"},"content":{"rendered":"<div readability=\"39\">\n<p>Marrakech- La Secr\u00e9taire ex\u00e9cutive adjointe de la Commission Economique des Nations Unies pour l\u2019Afrique-CEA, Mme Giovanie Biha, a appel\u00e9, mercredi \u00e0 Marrakech, \u00e0 veiller \u00e0 ce que le Forum R\u00e9gional Africain sur le D\u00e9veloppement Durable (FRADD) serve de \u00ab\u00a0catalyseur\u00a0\u00bb pour des actions sp\u00e9cifiques visant \u00e0 acc\u00e9l\u00e9rer la mise en \u0153uvre du Programme 2030 et de l\u2019Agenda 2063.<\/p>\n<\/div>\n<div readability=\"147\">\n<p>Intervenant \u00e0 l\u2019ouverture de la 5\u00e8 session du FRADD, plac\u00e9e sous le Haut Patronage de SM le Roi Mohammed VI, Mme Biha a soulign\u00e9 que l\u2019un des moyens d\u2019y parvenir est d\u2019\u00e9largir les possibilit\u00e9s d\u2019apprentissage par les pairs au sein du Forum r\u00e9gional sur les exp\u00e9riences de mise en \u0153uvre de ces deux programmes, et d\u2019\u00e9laborer des strat\u00e9gies fond\u00e9es sur des recherches empiriques et analytiques, ajoutant que le but est de faire en sorte que chaque Forum d\u00e9bouche sur des solutions et une feuille de route pratique pouvant aider les pays, en particulier ceux qui ont l\u2019intention de mener des examens nationaux volontaires, \u00e0 appliquer leur programme de d\u00e9veloppement.<\/p>\n<p>\u00ab\u00a0Nous pouvons faire en sorte que l\u2019ensemble du processus aboutisse \u00e0 des progr\u00e8s acc\u00e9l\u00e9r\u00e9s d\u2019ann\u00e9e en ann\u00e9e vers la r\u00e9alisation du programme de d\u00e9veloppement de l\u2019Afrique\u00a0\u00bb, a-t-elle soutenu, faisant part de son souhait de voir les travaux de cette session sanctionn\u00e9s par \u00ab\u00a0l\u2019\u00e9mergence d\u2019un plan d\u2019action solide qui nous guidera dans la poursuite de nos objectifs\u00a0\u00bb.<\/p>\n<p>Mme Biha a indiqu\u00e9 que ce Forum a pour but de faire progresser la mise en \u0153uvre des objectifs de d\u00e9veloppement durable du Programme 2030 et des aspirations \u00e9nonc\u00e9es dans l\u2019Agenda 2063 de l\u2019Union Africaine (UA), pr\u00e9cisant que le Forum offre, dans cette perspective une \u00ab\u00a0plateforme multipartite\u00a0\u00bb pour le suivi et l\u2019examen des progr\u00e8s et des difficult\u00e9s de la mise en \u0153uvre, facilite l\u2019apprentissage par les pairs et pr\u00e9conise des mesures et des actions politiques \u00ab\u00a0efficaces\u00a0\u00bb pour atteindre les objectifs des deux programmes.<\/p>\n<p>\u00ab\u00a0La r\u00e9alisation de cet objectif exige des efforts collectifs de notre part en tant qu\u2019Etats membres, entit\u00e9s des Nations Unies, organisations r\u00e9gionales, partenaires de d\u00e9veloppement, soci\u00e9t\u00e9 civile et secteur priv\u00e9\u00a0\u00bb, a-t-elle insist\u00e9.<\/p>\n<p>Apr\u00e8s avoir pass\u00e9 en revue la gen\u00e8se de cr\u00e9ation de ce Forum, Mme Biha a fait savoir que les progr\u00e8s accomplis dans de nombreux pays africains dans la mise en \u0153uvre des ODD sont \u00ab\u00a0encore lents\u00a0\u00bb.<\/p>\n<p>\u00ab\u00a0Au vu des ambitions, du rythme et de l\u2019\u00e9chelle actuels de la mise en \u0153uvre des ODD, l\u2019Afrique n\u2019atteindra pas ces objectifs d\u2019ici 2030\u00a0\u00bb, a-t-elle d\u00e9plor\u00e9, notamment en ce qui concerne la lutte contre la pauvret\u00e9 ainsi que les sous-th\u00e8mes que le Forum examine cette ann\u00e9e (assurer l\u2019acc\u00e8s de tous \u00e0 une \u00e9ducation de qualit\u00e9, promouvoir une croissance \u00e9conomique et un travail d\u00e9cent pour tous, r\u00e9duire les in\u00e9galit\u00e9s, intensifier l\u2019action en faveur du climat, assurer la paix, la justice et des institutions efficaces, et revitaliser le partenariat mondial pour le d\u00e9veloppement durable).<\/p>\n<p>\u00ab\u00a0Toutefois, tout n\u2019est pas sombre sur le tableau pour le Continent. Nous constatons des progr\u00e8s dans de nombreux domaines et les effets positifs des processus du Forum politique de haut niveau pour le d\u00e9veloppement durable\u00a0\u00bb, a-t-elle affirm\u00e9, ajoutant que l\u2019alignement des plans nationaux de d\u00e9veloppement sur les objectifs de l\u2019Agenda 2030 et sur ceux de l\u2019Agenda 2063 garantit la coh\u00e9rence des objectifs et permet d\u2019avoir un m\u00e9canisme unique de suivi, d\u2019\u00e9valuation et de communication concernant les indicateurs.<\/p>\n<p>Dans ce sens, elle a indiqu\u00e9 que la CEA dirige l\u2019\u00e9laboration d\u2019un ensemble d\u2019outils int\u00e9gr\u00e9s de planification et d\u2019\u00e9tablissement de rapports qui permettront d\u2019aligner les deux programmes et de faciliter leur int\u00e9gration dans les plans de d\u00e9veloppement nationaux.<\/p>\n<p>Et Mme Biha de conclure que le Forum \u00ab\u00a0nous donne l\u2019occasion de r\u00e9fl\u00e9chir sur l\u2019\u00e9tat d\u2019avancement de la mise en \u0153uvre des objectifs, la direction que nous prenons et les mesures que nous devons prendre pour atteindre nos cibles plus rapidement et plus efficacement ensemble, afin que personne ne soit laiss\u00e9 pour compte\u00a0\u00bb.<\/p>\n<p>Co-organis\u00e9e par le Royaume du Maroc et la Commission Economique des Nations Unies pour l\u2019Afrique-CEA, la 5\u00e8 session du FRADD, initi\u00e9e sous le th\u00e8me \u00ab\u00a0Donner des moyens d\u2019action aux populations et assurer l\u2019inclusion et l\u2019\u00e9galit\u00e9\u00a0\u00bb, conna\u00eet la participation de plusieurs ministres et de hauts responsables africains en charge de l\u2019environnement et du d\u00e9veloppement durable.<\/p>\n<p>Cet \u00e9v\u00e9nement continental africain, qui se poursuivra jusqu\u2019au 18 avril, r\u00e9unit \u00e9galement des d\u00e9cideurs et des experts repr\u00e9sentant des gouvernements et des organisations intergouvernementales, le secteur priv\u00e9 et la soci\u00e9t\u00e9 civile.<\/p>\n<p>Ce Forum a pour but d\u2019\u00e9valuer les progr\u00e8s accomplis, d\u2019\u00e9changer les exp\u00e9riences dans le domaine du d\u00e9veloppement durable en Afrique et de formuler des recommandations visant \u00e0 acc\u00e9l\u00e9rer la mise en \u0153uvre de l\u2019Agenda 2030 au niveau r\u00e9gional.<\/p>\n<p>Il constitue \u00e9galement une \u00e9tape cl\u00e9 dans le processus de pr\u00e9paration du Continent africain au Forum Politique de Haut niveau de 2019, qui se tiendra du 9 au 18 juillet prochain \u00e0 New York, sous les auspices du Conseil Economique et Social de l\u2019ONU, et constituera une occasion pour les participants de discuter, \u00e0 l\u2019\u00e9chelle r\u00e9gionale, des objectifs de d\u00e9veloppement durable et des objectifs correspondants de l\u2019Agenda 2063 (la qualit\u00e9 de l\u2019\u00e9ducation, la r\u00e9duction des in\u00e9galit\u00e9s, le travail d\u00e9cent et la croissance \u00e9conomique inclusive, l\u2019action climatique, la paix, la justice et le renforcement des institutions et les moyens de mise en \u0153uvre et partenariat pour le d\u00e9veloppement durable).<\/p>\n<p>Le Maroc, en tant que pays h\u00f4te, prend la rel\u00e8ve du S\u00e9n\u00e9gal pour assurer la pr\u00e9sidence du Forum pour une dur\u00e9e d\u2019une ann\u00e9e et aura ainsi la responsabilit\u00e9 de pr\u00e9senter les recommandations issues de ce conclave au Forum Politique de Haut niveau en juillet prochain.<\/p>\n<\/div>\n<p>Auteur: Mohammed KOURSI<br \/>\n<a href=\"http:\/\/www.mapmarrakech.ma\/fr\/la-cea-appelle-a-faire-du-fradd-un-catalyseur-pour-des-actions-specifiques-visant-a-accelerer-la-mise-en-oeuvre-du-programme-2030-et-de-lagenda-2063\/\">Cliquez ici pour lire l&rsquo;article depuis sa source.<\/a><\/p>\n","protected":false},"excerpt":{"rendered":"<p>Marrakech- La Secr\u00e9taire ex\u00e9cutive adjointe de la Commission Economique des Nations Unies pour l\u2019Afrique-CEA, Mme Giovanie Biha, a appel\u00e9, mercredi \u00e0 Marrakech, \u00e0 veiller \u00e0 ce que le Forum R\u00e9gional Africain sur le D\u00e9veloppement Durable (FRADD) serve de \u00ab\u00a0catalyseur\u00a0\u00bb pour des actions sp\u00e9cifiques visant \u00e0 acc\u00e9l\u00e9rer la mise en \u0153uvre du Programme 2030 et de [&hellip;]<\/p>\n","protected":false},"author":1788,"featured_media":0,"comment_status":"closed","ping_status":"closed","sticky":false,"template":"","format":"standard","meta":{"fifu_image_url":"","fifu_image_alt":"","footnotes":""},"categories":[54,76],"tags":[],"class_list":["post-28334","post","type-post","status-publish","format-standard","hentry","category-maroc","category-regions"],"_links":{"self":[{"href":"https:\/\/linitiative.ca\/International\/wp-json\/wp\/v2\/posts\/28334","targetHints":{"allow":["GET"]}}],"collection":[{"href":"https:\/\/linitiative.ca\/International\/wp-json\/wp\/v2\/posts"}],"about":[{"href":"https:\/\/linitiative.ca\/International\/wp-json\/wp\/v2\/types\/post"}],"author":[{"embeddable":true,"href":"https:\/\/linitiative.ca\/International\/wp-json\/wp\/v2\/users\/1788"}],"replies":[{"embeddable":true,"href":"https:\/\/linitiative.ca\/International\/wp-json\/wp\/v2\/comments?post=28334"}],"version-history":[{"count":0,"href":"https:\/\/linitiative.ca\/International\/wp-json\/wp\/v2\/posts\/28334\/revisions"}],"wp:attachment":[{"href":"https:\/\/linitiative.ca\/International\/wp-json\/wp\/v2\/media?parent=28334"}],"wp:term":[{"taxonomy":"category","embeddable":true,"href":"https:\/\/linitiative.ca\/International\/wp-json\/wp\/v2\/categories?post=28334"},{"taxonomy":"post_tag","embeddable":true,"href":"https:\/\/linitiative.ca\/International\/wp-json\/wp\/v2\/tags?post=28334"}],"curies":[{"name":"wp","href":"https:\/\/api.w.org\/{rel}","templated":true}]}}