{"id":28335,"date":"2019-04-17T13:02:29","date_gmt":"2019-04-17T17:02:29","guid":{"rendered":"https:\/\/linitiative.ca\/International\/le-secteur-minier-appele-a-adherer-a-de-nouvelles-formes-de-production\/"},"modified":"2019-04-17T13:02:29","modified_gmt":"2019-04-17T17:02:29","slug":"le-secteur-minier-appele-a-adherer-a-de-nouvelles-formes-de-production","status":"publish","type":"post","link":"https:\/\/linitiative.ca\/International\/le-secteur-minier-appele-a-adherer-a-de-nouvelles-formes-de-production\/","title":{"rendered":"Le secteur minier appel\u00e9 \u00e0 adh\u00e9rer \u00e0 de nouvelles formes de production"},"content":{"rendered":"<div readability=\"41\">\n<p>Marrakech- Le secteur minier, qui n\u00e9cessite de grands investissements, est appel\u00e9 \u00e0 adh\u00e9rer \u00e0 de nouvelles formes de production, a soulign\u00e9, mercredi \u00e0 Marrakech, le ministre de l\u2019Energie, des Mines et du D\u00e9veloppement Durable, Aziz Rabbah.<\/p>\n<\/div>\n<div readability=\"146\">\n<p>\u00ab\u00a0Le secteur minier est aussi appel\u00e9 \u00e0 adopter les technologies de pointe durant les diff\u00e9rentes cha\u00eenes de production, \u00e0 rationaliser l\u2019utilisation des ressources hydriques et \u00e0 opter pour les \u00e9nergies renouvelables pour \u00eatre en mesure de r\u00e9pondre aux besoins \u00e9nerg\u00e9tiques du secteur\u00a0\u00bb, a-t-il ajout\u00e9 \u00e0 l\u2019ouverture de la premi\u00e8re \u00e9dition du Marrakech Mining Convention (MMC).<\/p>\n<p>M. Rabbah a fait remarquer que la conjoncture \u00e9conomique mondiale conna\u00eet une fluctuation des march\u00e9s des mati\u00e8res premi\u00e8res, dont les produits miniers, ce qui impacte n\u00e9gativement la croissance du secteur en g\u00e9n\u00e9ral.<\/p>\n<p>Concernant le secteur minier en Afrique, le ministre a not\u00e9 que le Continent se caract\u00e9rise par une g\u00e9ologie vari\u00e9e particuli\u00e8rement r\u00e9put\u00e9e pour sa richesse en substances min\u00e9rales et par un savoir-faire acquis au fil du temps, qui font du secteur l\u2019un des importants leviers du d\u00e9veloppement dans plusieurs pays africains.<\/p>\n<p>Compte tenu des d\u00e9fis auxquels fait face le secteur ainsi que son r\u00f4le dans l\u2019\u00e9conomie africaine, les pays du Continent sont appel\u00e9s plus que jamais \u00e0 f\u00e9d\u00e9rer leurs efforts pour faire face \u00e0 ces contraintes, garantir un d\u00e9veloppement durable pour le secteur minier \u00e0 travers l\u2019\u00e9laboration d\u2019une vision commune qui prend en compte les caract\u00e9ristiques du secteur, et la mise en place de m\u00e9canismes n\u00e9cessaires \u00e0 m\u00eame de les traduire en projets concrets ciblant la valorisation et la transformation au lieu de se limiter \u00e0 l\u2019importation des produits miniers bruts, a-t-il expliqu\u00e9.<\/p>\n<p>S\u2019agissant du secteur minier au Maroc, il a indiqu\u00e9 qu\u2019il a connu, depuis les ann\u00e9es 90 du si\u00e8cle pass\u00e9, une s\u00e9rie de r\u00e9formes qui lui ont permis d\u2019accompagner les mutations internationales exacerb\u00e9es par la mondialisation et la rude concurrence.<\/p>\n<p>Gr\u00e2ce aux efforts consentis et \u00e0 la coordination entre les secteurs public et priv\u00e9, le secteur minier marocain joue un r\u00f4le majeur dans la dynamique \u00e9conomique nationale et contribue \u00e0 hauteur de 10% dans le Produit int\u00e9rieur brut (PIB) et de 20% dans les exportations nationales, a-t-il pr\u00e9cis\u00e9.<\/p>\n<p>Et M. Rabbah de relever que dans l\u2019objectif d\u2019insuffler une nouvelle dynamique au secteur minier, le minist\u00e8re a proc\u00e9d\u00e9 au lancement du Plan Maroc minier, qui vise \u00e0 faire du secteur un mod\u00e8le \u00e0 l\u2019horizon 2025 permettant de r\u00e9aliser un d\u00e9veloppement territorial durable et int\u00e9gr\u00e9.<\/p>\n<p>Ce plan, a-t-il rappel\u00e9, se fonde sur quatre axes strat\u00e9giques \u00e0 savoir le d\u00e9veloppement d\u2019un tissu concurrentiel, la r\u00e9organisation institutionnelle du secteur, le renforcement de l\u2019impact social et de l\u2019aspect responsable et durable du secteur minier, l\u2019adaptation du cadre l\u00e9gislatif et des m\u00e9canismes fiscaux et de financement aux nouvelles ambitions du secteur.<\/p>\n<p>Le Royaume a aussi accord\u00e9 une grande importance au d\u00e9veloppement de la coop\u00e9ration avec les pays africains conform\u00e9ment \u00e0 la vision Royale visant \u00e0 renforcer la coop\u00e9ration Sud-Sud et \u00e0 l\u2019engagement ferme du Maroc vis-\u00e0-vis du Continent africain dans la mise sur pied de projets d\u2019investissements initi\u00e9s notamment par les Groupes OCP et MANAGEM, leaders nationaux dans l\u2019industrie mini\u00e8re, a-t-il ajout\u00e9.<\/p>\n<p>Pour sa part, Shariq Abdul Hai, pr\u00e9sident de l\u2019Agence Valiant Business Media, l\u2019un des organisateurs de cet \u00e9v\u00e9nement, a mis en relief la g\u00e9ologie vari\u00e9e du Maroc et particuli\u00e8rement r\u00e9put\u00e9e pour sa richesse en substances min\u00e9rales, notant que cette premi\u00e8re \u00e9dition du MMC repr\u00e9sente une plateforme pour l\u2019\u00e9change d\u2019expertises et de savoir-faire entre les diff\u00e9rents intervenants dans le secteur des mines et de l\u2019industrie mini\u00e8re.<\/p>\n<p>Il a, en outre, fait savoir que cet \u00e9v\u00e9nement conna\u00eet la participation de 20 pays et de 11 ministres africains ainsi que de plusieurs compagnies nationales et internationales sp\u00e9cialis\u00e9es dans ce domaine, venues exposer leurs produits et technologies.<\/p>\n<p>Plac\u00e9e sous le Haut patronage de SM le Roi Mohammed VI et organis\u00e9e par le Minist\u00e8re de l\u2019Energie, des Mines et du D\u00e9veloppement Durable en partenariat avec l\u2019Agence Valiant Business Media, la premi\u00e8re \u00e9dition du Marrakech Mining Convention conna\u00eet la participation de plusieurs d\u00e9l\u00e9gations de diff\u00e9rents pays, notamment des ministres des mines, des repr\u00e9sentants de gouvernements, des professionnels nationaux et internationaux, des exposants de diff\u00e9rents Continents ainsi que des op\u00e9rateurs nationaux et plus de 50 entreprises et investisseurs dans les domaines miniers et para-miniers.<\/p>\n<p>Ce Congr\u00e8s international de trois jours sera l\u2019occasion pour pr\u00e9senter la strat\u00e9gie de d\u00e9veloppement du secteur minier marocain ainsi que les r\u00e9formes et chantiers en cours, notamment le nouveau Code minier.<\/p>\n<p>Il offrira aussi l\u2019opportunit\u00e9 aux participants d\u2019explorer les actions de renforcement de la coop\u00e9ration bilat\u00e9rale et multilat\u00e9rale dans les domaines des mines et de la g\u00e9ologie, notamment \u00e0 travers la concr\u00e9tisation de projets miniers conjoints permettant le renforcement des investissements et la cr\u00e9ation d\u2019emplois.<\/p>\n<p>Il est \u00e0 souligner que l\u2019importance du secteur minier marocain est perceptible \u00e0 travers sa part dans le PIB, dans les exportations du Royaume et ses retomb\u00e9es b\u00e9n\u00e9fiques sur le d\u00e9veloppement r\u00e9gional et rural.<\/p>\n<p>Le Maroc occupe ainsi une position importante \u00e0 l\u2019\u00e9chelle mondiale dans la production de diff\u00e9rents m\u00e9taux tels que l\u2019argent (16\u00e8 rang dans le monde et 1er en Afrique), le Fluorine (7\u00e8 rang dans le monde et 2\u00e8 en Afrique), et le Barytine (4\u00e8 rang mondial et 1er en Afrique).<\/p>\n<\/div>\n<p>Auteur: Mohammed KOURSI<br \/>\n<a href=\"http:\/\/www.mapmarrakech.ma\/fr\/le-secteur-minier-appele-a-adherer-a-de-nouvelles-formes-de-production\/\">Cliquez ici pour lire l&rsquo;article depuis sa source.<\/a><\/p>\n","protected":false},"excerpt":{"rendered":"<p>Marrakech- Le secteur minier, qui n\u00e9cessite de grands investissements, est appel\u00e9 \u00e0 adh\u00e9rer \u00e0 de nouvelles formes de production, a soulign\u00e9, mercredi \u00e0 Marrakech, le ministre de l\u2019Energie, des Mines et du D\u00e9veloppement Durable, Aziz Rabbah. \u00ab\u00a0Le secteur minier est aussi appel\u00e9 \u00e0 adopter les technologies de pointe durant les diff\u00e9rentes cha\u00eenes de production, \u00e0 [&hellip;]<\/p>\n","protected":false},"author":1788,"featured_media":0,"comment_status":"closed","ping_status":"closed","sticky":false,"template":"","format":"standard","meta":{"fifu_image_url":"","fifu_image_alt":"","footnotes":""},"categories":[54,76],"tags":[],"class_list":["post-28335","post","type-post","status-publish","format-standard","hentry","category-maroc","category-regions"],"_links":{"self":[{"href":"https:\/\/linitiative.ca\/International\/wp-json\/wp\/v2\/posts\/28335","targetHints":{"allow":["GET"]}}],"collection":[{"href":"https:\/\/linitiative.ca\/International\/wp-json\/wp\/v2\/posts"}],"about":[{"href":"https:\/\/linitiative.ca\/International\/wp-json\/wp\/v2\/types\/post"}],"author":[{"embeddable":true,"href":"https:\/\/linitiative.ca\/International\/wp-json\/wp\/v2\/users\/1788"}],"replies":[{"embeddable":true,"href":"https:\/\/linitiative.ca\/International\/wp-json\/wp\/v2\/comments?post=28335"}],"version-history":[{"count":0,"href":"https:\/\/linitiative.ca\/International\/wp-json\/wp\/v2\/posts\/28335\/revisions"}],"wp:attachment":[{"href":"https:\/\/linitiative.ca\/International\/wp-json\/wp\/v2\/media?parent=28335"}],"wp:term":[{"taxonomy":"category","embeddable":true,"href":"https:\/\/linitiative.ca\/International\/wp-json\/wp\/v2\/categories?post=28335"},{"taxonomy":"post_tag","embeddable":true,"href":"https:\/\/linitiative.ca\/International\/wp-json\/wp\/v2\/tags?post=28335"}],"curies":[{"name":"wp","href":"https:\/\/api.w.org\/{rel}","templated":true}]}}