{"id":28336,"date":"2019-04-17T05:50:41","date_gmt":"2019-04-17T09:50:41","guid":{"rendered":"https:\/\/linitiative.ca\/International\/relizane-suspension-sous-reserve-du-p-apc-de-sidi-lazreg\/"},"modified":"2019-04-17T05:50:41","modified_gmt":"2019-04-17T09:50:41","slug":"relizane-suspension-sous-reserve-du-p-apc-de-sidi-lazreg","status":"publish","type":"post","link":"https:\/\/linitiative.ca\/International\/relizane-suspension-sous-reserve-du-p-apc-de-sidi-lazreg\/","title":{"rendered":"Relizane: suspension sous r\u00e9serve du P\/APC de Sidi Lazreg"},"content":{"rendered":"<div>\n<div class=\"K2FeedImage\"><img decoding=\"async\" src=\"http:\/\/www.aps.dz\/media\/k2\/items\/cache\/fc7399db13ba48e58b7a9db3adc69451_S.jpg\" alt=\"Relizane: suspension sous r\u00e9serve du P\/APC de Sidi Lazreg\"><\/div>\n<div class=\"K2FeedIntroText\">\n<p><strong>RELIZANE- La wali de Relizane, Nac\u00e9ra Brahimi, a suspendu sous r\u00e9serve mardi le pr\u00e9sident d\u2019APC de Sidi Lazreg pour \u00ab\u00a0maintenir l\u2019ordre public\u00a0\u00bb, a-t-on appris aupr\u00e8s des services de la wilaya.<\/strong><\/p>\n<\/div>\n<div class=\"K2FeedFullText\">\n<p>Le P\/APC de la commune de Sidi Lazreg, Mohamed Benma\u00e2zouza, a \u00e9t\u00e9 suspendu sous r\u00e9serve sur d\u00e9cision de la wali, apr\u00e8s qu\u2019un jeune ait tent\u00e9 de s\u2019immoler par le feu devant le si\u00e8ge de l&rsquo;APC, a-t-on expliqu\u00e9 de m\u00eame source.<\/p>\n<p>La wali de Relizane a donn\u00e9 des instructions au chef de daira de Mend\u00e8s en vue de charger un \u00e9lu de l\u2019APC de Sidi Lazreg de la gestion des affaires de la commune.<\/p>\n<p>Le P\/APC de Sidi Lazreg suspendu est un \u00e9lu du Rassemblement national d\u00e9mocratique (RND).<\/p>\n<p>\u00a0<\/p>\n<\/div>\n<\/div>\n<p>Auteur:<br \/>\n<a href=\"http:\/\/www.aps.dz\/regions\/88205-relizane-suspension-sous-reserve-du-p-apc-de-sidi-lazreg-pour-maintenir-l-ordre-public\">Cliquez ici pour lire l&rsquo;article depuis sa source.<\/a><\/p>\n","protected":false},"excerpt":{"rendered":"<p>RELIZANE- La wali de Relizane, Nac\u00e9ra Brahimi, a suspendu sous r\u00e9serve mardi le pr\u00e9sident d\u2019APC de Sidi Lazreg pour \u00ab\u00a0maintenir l\u2019ordre public\u00a0\u00bb, a-t-on appris aupr\u00e8s des services de la wilaya. Le P\/APC de la commune de Sidi Lazreg, Mohamed Benma\u00e2zouza, a \u00e9t\u00e9 suspendu sous r\u00e9serve sur d\u00e9cision de la wali, apr\u00e8s qu\u2019un jeune ait tent\u00e9 [&hellip;]<\/p>\n","protected":false},"author":1790,"featured_media":28337,"comment_status":"closed","ping_status":"closed","sticky":false,"template":"","format":"standard","meta":{"fifu_image_url":"","fifu_image_alt":"","footnotes":""},"categories":[53,76],"tags":[],"class_list":["post-28336","post","type-post","status-publish","format-standard","has-post-thumbnail","hentry","category-algerie","category-regions"],"_links":{"self":[{"href":"https:\/\/linitiative.ca\/International\/wp-json\/wp\/v2\/posts\/28336","targetHints":{"allow":["GET"]}}],"collection":[{"href":"https:\/\/linitiative.ca\/International\/wp-json\/wp\/v2\/posts"}],"about":[{"href":"https:\/\/linitiative.ca\/International\/wp-json\/wp\/v2\/types\/post"}],"author":[{"embeddable":true,"href":"https:\/\/linitiative.ca\/International\/wp-json\/wp\/v2\/users\/1790"}],"replies":[{"embeddable":true,"href":"https:\/\/linitiative.ca\/International\/wp-json\/wp\/v2\/comments?post=28336"}],"version-history":[{"count":0,"href":"https:\/\/linitiative.ca\/International\/wp-json\/wp\/v2\/posts\/28336\/revisions"}],"wp:featuredmedia":[{"embeddable":true,"href":"https:\/\/linitiative.ca\/International\/wp-json\/"}],"wp:attachment":[{"href":"https:\/\/linitiative.ca\/International\/wp-json\/wp\/v2\/media?parent=28336"}],"wp:term":[{"taxonomy":"category","embeddable":true,"href":"https:\/\/linitiative.ca\/International\/wp-json\/wp\/v2\/categories?post=28336"},{"taxonomy":"post_tag","embeddable":true,"href":"https:\/\/linitiative.ca\/International\/wp-json\/wp\/v2\/tags?post=28336"}],"curies":[{"name":"wp","href":"https:\/\/api.w.org\/{rel}","templated":true}]}}