{"id":28340,"date":"2019-04-17T07:26:28","date_gmt":"2019-04-17T11:26:28","guid":{"rendered":"https:\/\/linitiative.ca\/International\/biskra-des-agriculteurs-revendiquent-le-raccordement-au-reseau-electrique\/"},"modified":"2019-04-17T07:26:28","modified_gmt":"2019-04-17T11:26:28","slug":"biskra-des-agriculteurs-revendiquent-le-raccordement-au-reseau-electrique","status":"publish","type":"post","link":"https:\/\/linitiative.ca\/International\/biskra-des-agriculteurs-revendiquent-le-raccordement-au-reseau-electrique\/","title":{"rendered":"Biskra: des agriculteurs revendiquent le raccordement au r\u00e9seau \u00e9lectrique"},"content":{"rendered":"<div>\n<div class=\"K2FeedIntroText\">\n<p>\u00a0<strong>BISKRA- Des agriculteurs de l\u2019oasis \u00ab\u00a0Kama\u00e2\u00a0\u00bb, dans la commune de Doussen dans la wilaya de Biskra se sont rassembl\u00e9s mardi en fin d\u2019apr\u00e8s midi revendiquant le raccordement\u00a0 au r\u00e9seau de l\u2019\u00e9lectricit\u00e9,\u00a0a-t-on constat\u00e9.<\/strong><\/p>\n<\/div>\n<div class=\"K2FeedFullText\">\n<p>Les protestataires ont paralys\u00e9 la circulation sur l\u2019axe routier du chemin de wilaya (CW) 61 reliant Ouled Djellal \u00e0 Lioua au niveau de la\u00a0 localit\u00e9 El Margab de l\u2019ouest, connue sous l\u2019appellation\u00a0 \u2018\u2019Kama\u00e2\u2019\u2019 d\u00e9pendant de la commune de Doussen.<\/p>\n<p>Les habitants de cette r\u00e9gion r\u00e9clament l\u2019am\u00e9lioration de leurs conditions de vie et l\u2019accompagnaient dans leurs activit\u00e9s professionnelles, essentiellement l\u2019agriculture notamment dans le volet irrigation.<\/p>\n<p>De son c\u00f4t\u00e9, le pr\u00e9sident de l\u2019Assembl\u00e9e populaire (APC) de Doussen, Hocine Sekal a relev\u00e9 qu\u2019un projet de raccordement en \u00e9lectricit\u00e9 rural de la localit\u00e9 de Doussen a \u00e9t\u00e9 inscrit pour cette collectivit\u00e9 dans le cadre du Fonds du sud d\u00e9taillant que le projet totalise l\u2019installation de\u00a0 5 km\u00a0 de lin\u00e9aire est actuellement en phase \u2018\u2019de validation des fonds d\u00e9gag\u00e9s pour le projet\u2019\u2019.<\/p>\n<p>\u00a0<\/p>\n<p>\u00a0<\/p>\n<\/div>\n<\/div>\n<p>Auteur:<br \/>\n<a href=\"http:\/\/www.aps.dz\/regions\/88208-des-agriculteurs-de-la-commune-doussen-revendiquent-le-raccordement-au-reseau-electrique\">Cliquez ici pour lire l&rsquo;article depuis sa source.<\/a><\/p>\n","protected":false},"excerpt":{"rendered":"<p>\u00a0BISKRA- Des agriculteurs de l\u2019oasis \u00ab\u00a0Kama\u00e2\u00a0\u00bb, dans la commune de Doussen dans la wilaya de Biskra se sont rassembl\u00e9s mardi en fin d\u2019apr\u00e8s midi revendiquant le raccordement\u00a0 au r\u00e9seau de l\u2019\u00e9lectricit\u00e9,\u00a0a-t-on constat\u00e9. Les protestataires ont paralys\u00e9 la circulation sur l\u2019axe routier du chemin de wilaya (CW) 61 reliant Ouled Djellal \u00e0 Lioua au niveau de [&hellip;]<\/p>\n","protected":false},"author":1790,"featured_media":0,"comment_status":"closed","ping_status":"closed","sticky":false,"template":"","format":"standard","meta":{"fifu_image_url":"","fifu_image_alt":"","footnotes":""},"categories":[53,76],"tags":[],"class_list":["post-28340","post","type-post","status-publish","format-standard","hentry","category-algerie","category-regions"],"_links":{"self":[{"href":"https:\/\/linitiative.ca\/International\/wp-json\/wp\/v2\/posts\/28340","targetHints":{"allow":["GET"]}}],"collection":[{"href":"https:\/\/linitiative.ca\/International\/wp-json\/wp\/v2\/posts"}],"about":[{"href":"https:\/\/linitiative.ca\/International\/wp-json\/wp\/v2\/types\/post"}],"author":[{"embeddable":true,"href":"https:\/\/linitiative.ca\/International\/wp-json\/wp\/v2\/users\/1790"}],"replies":[{"embeddable":true,"href":"https:\/\/linitiative.ca\/International\/wp-json\/wp\/v2\/comments?post=28340"}],"version-history":[{"count":0,"href":"https:\/\/linitiative.ca\/International\/wp-json\/wp\/v2\/posts\/28340\/revisions"}],"wp:attachment":[{"href":"https:\/\/linitiative.ca\/International\/wp-json\/wp\/v2\/media?parent=28340"}],"wp:term":[{"taxonomy":"category","embeddable":true,"href":"https:\/\/linitiative.ca\/International\/wp-json\/wp\/v2\/categories?post=28340"},{"taxonomy":"post_tag","embeddable":true,"href":"https:\/\/linitiative.ca\/International\/wp-json\/wp\/v2\/tags?post=28340"}],"curies":[{"name":"wp","href":"https:\/\/api.w.org\/{rel}","templated":true}]}}