{"id":28353,"date":"2019-04-17T15:14:15","date_gmt":"2019-04-17T19:14:15","guid":{"rendered":"https:\/\/linitiative.ca\/International\/international-robben-explique-pourquoi-le-real-madrid-fait-une-mauvaise-saison\/"},"modified":"2019-04-17T15:14:15","modified_gmt":"2019-04-17T19:14:15","slug":"international-robben-explique-pourquoi-le-real-madrid-fait-une-mauvaise-saison","status":"publish","type":"post","link":"https:\/\/linitiative.ca\/International\/international-robben-explique-pourquoi-le-real-madrid-fait-une-mauvaise-saison\/","title":{"rendered":"International : Robben explique pourquoi le Real Madrid fait une mauvaise saison"},"content":{"rendered":"<div readability=\"32\">\n<p>Auteur : <span class=\"time\">mercredi 17 avril 2019 12:08<\/span><\/p>\n<\/div>\n<div id=\"post_core\" readability=\"49\">\n<p>Selon l&rsquo;avis de l&rsquo;ailier du Bayern Munich, Arjen Robben (35 ans), le d\u00e9part de l&rsquo;attaquant Cristiano Ronaldo (34 ans) pour la Juventus est la raison majeure de la p\u00e9riode compliqu\u00e9e travers\u00e9e par le club espagnol :<\/p>\n<p>\u00ab\u00a0Si Ronaldo reste aussi performant apr\u00e8s tant d\u2019ann\u00e9es, c\u2019est parce qu\u2019il est irr\u00e9prochable dans son hygi\u00e8ne de vie et ne laisse rien au hasard. C\u2019est un bosseur incroyable, jamais rassasi\u00e9. Dans son jeu, je ne vois aucun point faible. Si le Real a remport\u00e9 trois Ligues des Champions cons\u00e9cutives, c\u2019est gr\u00e2ce \u00e0 lui. Et si Madrid conna\u00eet une saison aussi compliqu\u00e9e, c\u2019est parce qu\u2019il est parti\u00a0\u00bb, a indiqu\u00e9 le N\u00e9erlandais pour France Football.<\/p>\n<p><strong>Publi\u00e9 dans :<\/strong> <span>real madrid<\/span><\/p>\n<\/div>\n<p>Auteur:<br \/>\n<a href=\"http:\/\/www.lebuteur.com\/article\/detail?titre=robben-explique-pourquoi-le-real-madrid-fait-une-mauvaise-saison&#038;id=88074&#038;utm_source=feedburner&#038;utm_medium=feed&#038;utm_campaign=Feed%3A+GalerieFArtciles+%28Les+derniers+articles++-+lebuteur.com%29\">Cliquez ici pour lire l&rsquo;article depuis sa source.<\/a><\/p>\n","protected":false},"excerpt":{"rendered":"<p>Auteur : mercredi 17 avril 2019 12:08 Selon l&rsquo;avis de l&rsquo;ailier du Bayern Munich, Arjen Robben (35 ans), le d\u00e9part de l&rsquo;attaquant Cristiano Ronaldo (34 ans) pour la Juventus est la raison majeure de la p\u00e9riode compliqu\u00e9e travers\u00e9e par le club espagnol : \u00ab\u00a0Si Ronaldo reste aussi performant apr\u00e8s tant d\u2019ann\u00e9es, c\u2019est parce qu\u2019il est [&hellip;]<\/p>\n","protected":false},"author":1738,"featured_media":28354,"comment_status":"closed","ping_status":"closed","sticky":false,"template":"","format":"standard","meta":{"fifu_image_url":"","fifu_image_alt":"","footnotes":""},"categories":[53,75],"tags":[],"class_list":["post-28353","post","type-post","status-publish","format-standard","has-post-thumbnail","hentry","category-algerie","category-sport"],"_links":{"self":[{"href":"https:\/\/linitiative.ca\/International\/wp-json\/wp\/v2\/posts\/28353","targetHints":{"allow":["GET"]}}],"collection":[{"href":"https:\/\/linitiative.ca\/International\/wp-json\/wp\/v2\/posts"}],"about":[{"href":"https:\/\/linitiative.ca\/International\/wp-json\/wp\/v2\/types\/post"}],"author":[{"embeddable":true,"href":"https:\/\/linitiative.ca\/International\/wp-json\/wp\/v2\/users\/1738"}],"replies":[{"embeddable":true,"href":"https:\/\/linitiative.ca\/International\/wp-json\/wp\/v2\/comments?post=28353"}],"version-history":[{"count":0,"href":"https:\/\/linitiative.ca\/International\/wp-json\/wp\/v2\/posts\/28353\/revisions"}],"wp:featuredmedia":[{"embeddable":true,"href":"https:\/\/linitiative.ca\/International\/wp-json\/"}],"wp:attachment":[{"href":"https:\/\/linitiative.ca\/International\/wp-json\/wp\/v2\/media?parent=28353"}],"wp:term":[{"taxonomy":"category","embeddable":true,"href":"https:\/\/linitiative.ca\/International\/wp-json\/wp\/v2\/categories?post=28353"},{"taxonomy":"post_tag","embeddable":true,"href":"https:\/\/linitiative.ca\/International\/wp-json\/wp\/v2\/tags?post=28353"}],"curies":[{"name":"wp","href":"https:\/\/api.w.org\/{rel}","templated":true}]}}