{"id":28355,"date":"2019-04-17T15:14:16","date_gmt":"2019-04-17T19:14:16","guid":{"rendered":"https:\/\/linitiative.ca\/International\/international-schalke-04-bentaleb-fait-parler-de-lui-en-allemagne-photo\/"},"modified":"2019-04-17T15:14:16","modified_gmt":"2019-04-17T19:14:16","slug":"international-schalke-04-bentaleb-fait-parler-de-lui-en-allemagne-photo","status":"publish","type":"post","link":"https:\/\/linitiative.ca\/International\/international-schalke-04-bentaleb-fait-parler-de-lui-en-allemagne-photo\/","title":{"rendered":"International : Schalke 04 : Bentaleb fait parler de lui en Allemagne (Photo)"},"content":{"rendered":"<div readability=\"32\">\n<p>Auteur : <span class=\"time\">mercredi 17 avril 2019 13:00<\/span><\/p>\n<\/div>\n<div id=\"post_core\" readability=\"37\">\n<p>En effet, Selon les informations du quotidien Bild, une altercation a eu lieu entre Nabil Bentaleb et son co\u00e9quipier Salif Keita lors de l&rsquo;entrainement collectif du club allemand ce mardi. Cette altercation s&rsquo;est d\u00e9roul\u00e9 sous les yeux du staff et des joueurs mais \u00e9galement devant les objectifs des m\u00e9dias pr\u00e9sents. Il est attendu que la direction de Schalke 04 sanctionne les deux joueurs pour cet \u00e9cart \u00e0 la discipline du club.<\/p>\n<p><img decoding=\"async\" alt=\"\" src=\"https:\/\/www.kooora.ws\/KNews\/Images\/Uploads\/Capture6J.PNG\" class=\"c1\"\/><\/p>\n<p><img decoding=\"async\" alt=\"\" src=\"https:\/\/p5.focus.de\/img\/fotos\/origs10602630\/1426755838-w630-h469-o-q75-p5\/imago39895443h.jpg\" class=\"c2\"\/><\/p>\n<p><strong>Publi\u00e9 dans :<\/strong> <span>bentaleb<\/span><\/p>\n<\/div>\n<p>Auteur:<br \/>\n<a href=\"http:\/\/www.lebuteur.com\/article\/detail?titre=schalke-04-bentaleb-fait-parler-de-lui-en-allemagne-photo&#038;id=88075&#038;utm_source=feedburner&#038;utm_medium=feed&#038;utm_campaign=Feed%3A+GalerieFArtciles+%28Les+derniers+articles++-+lebuteur.com%29\">Cliquez ici pour lire l&rsquo;article depuis sa source.<\/a><\/p>\n","protected":false},"excerpt":{"rendered":"<p>Auteur : mercredi 17 avril 2019 13:00 En effet, Selon les informations du quotidien Bild, une altercation a eu lieu entre Nabil Bentaleb et son co\u00e9quipier Salif Keita lors de l&rsquo;entrainement collectif du club allemand ce mardi. Cette altercation s&rsquo;est d\u00e9roul\u00e9 sous les yeux du staff et des joueurs mais \u00e9galement devant les objectifs des [&hellip;]<\/p>\n","protected":false},"author":1738,"featured_media":28356,"comment_status":"closed","ping_status":"closed","sticky":false,"template":"","format":"standard","meta":{"fifu_image_url":"","fifu_image_alt":"","footnotes":""},"categories":[53,75],"tags":[],"class_list":["post-28355","post","type-post","status-publish","format-standard","has-post-thumbnail","hentry","category-algerie","category-sport"],"_links":{"self":[{"href":"https:\/\/linitiative.ca\/International\/wp-json\/wp\/v2\/posts\/28355","targetHints":{"allow":["GET"]}}],"collection":[{"href":"https:\/\/linitiative.ca\/International\/wp-json\/wp\/v2\/posts"}],"about":[{"href":"https:\/\/linitiative.ca\/International\/wp-json\/wp\/v2\/types\/post"}],"author":[{"embeddable":true,"href":"https:\/\/linitiative.ca\/International\/wp-json\/wp\/v2\/users\/1738"}],"replies":[{"embeddable":true,"href":"https:\/\/linitiative.ca\/International\/wp-json\/wp\/v2\/comments?post=28355"}],"version-history":[{"count":0,"href":"https:\/\/linitiative.ca\/International\/wp-json\/wp\/v2\/posts\/28355\/revisions"}],"wp:featuredmedia":[{"embeddable":true,"href":"https:\/\/linitiative.ca\/International\/wp-json\/"}],"wp:attachment":[{"href":"https:\/\/linitiative.ca\/International\/wp-json\/wp\/v2\/media?parent=28355"}],"wp:term":[{"taxonomy":"category","embeddable":true,"href":"https:\/\/linitiative.ca\/International\/wp-json\/wp\/v2\/categories?post=28355"},{"taxonomy":"post_tag","embeddable":true,"href":"https:\/\/linitiative.ca\/International\/wp-json\/wp\/v2\/tags?post=28355"}],"curies":[{"name":"wp","href":"https:\/\/api.w.org\/{rel}","templated":true}]}}