{"id":28375,"date":"2019-04-16T19:00:00","date_gmt":"2019-04-16T23:00:00","guid":{"rendered":"https:\/\/linitiative.ca\/International\/dans-la-lucarne-le-racisme-revient\/"},"modified":"2019-04-16T19:00:00","modified_gmt":"2019-04-16T23:00:00","slug":"dans-la-lucarne-le-racisme-revient","status":"publish","type":"post","link":"https:\/\/linitiative.ca\/International\/dans-la-lucarne-le-racisme-revient\/","title":{"rendered":"Dans la lucarne :  Le Racisme revient"},"content":{"rendered":"<p>Le football mondial est d\u2019abord un sport qui est par essence bas\u00e9 sur la sportivit\u00e9 et le rapprochement entre les peuples et ce, quelles que soient les diff\u00e9rences entre les uns et les autres. Les grandes comp\u00e9titions mondiales, \u00e0 l\u2019instar des comp\u00e9titions r\u00e9gionales et mondiales, se sont le plus souvent d\u00e9roul\u00e9es dans la plupart du temps dans de tr\u00e8s bonnes conditions. Et cela avait eu pour effet de g\u00e9n\u00e9raliser l\u2019\u00e9thique sportive qui contribue dans l\u2019am\u00e9lioration du niveau mondial de la discipline. Toutefois, il y a lieu de relever que dans les faits, les choses sont en train de se d\u00e9rouler autrement par rapport \u00e0 ce qui se dit \u00e7\u00e0 et l\u00e0. Que les \u00abvieux r\u00e9flexes\u00bb ont encore de \u00abbeaux jours\u00bb devant eux. On avait pens\u00e9 au d\u00e9part que la \u00abpage est d\u00e9finitivement tourn\u00e9e\u00bb. Finalement, ce n\u2019\u00e9tait qu\u2019un \u00abv\u0153u pieu\u00bb, puisque la r\u00e9alit\u00e9 du terrain est tout autre. Les ann\u00e9es passent et se ressemblent pour certains joueurs de couleur ou venant de pays en \u00abconflit\u00bb. Indirectement, les supporters europ\u00e9ens sont un peu \u00ab\u00e9pidermiques\u00bb par rapport aux joueurs venant d\u2019Afrique et m\u00eame pour ceux qui sont n\u00e9s ou ont v\u00e9cu en Europe. C&rsquo;est-\u00e0-dire, en Europe, nombreux sont les supporters qui voient\u00a0 d\u2019un \u00abmauvais \u0153il\u00bb le nombre important de joueurs de \u00abcouleur\u00bb ou autres dans les championnats europ\u00e9ens. Par cons\u00e9quent, le racisme et la discrimination sont revenus au devant de la sc\u00e8ne. Cette situation du racisme est le propre de la plupart des championnats dans le \u00abvieux continent\u00bb. En Italie, le racisme contre les joueurs de couleur est en nette hausse. On avait tous assist\u00e9, un peu incr\u00e9dules, \u00e0 la mauvaise situation de l\u2019international italien Mario Ballotelli,\u00a0 dans son pays, lui qui est venu de la lointaine Afrique. Les jets de bananes\u00a0 sur le terrain sont monnaie courante. A cela, il y a lieu d\u2019ajouter les \u00abcris de singes\u00bb. Ce qui est encore plus insupportable et trop avilissant pour le joueur vis\u00e9. Derni\u00e8rement, les discriminations sont encore plus nettes en Angleterre \u00e0 l\u2019\u00e9gard de l\u2019\u00e9gyptien Mohamed Salah. D\u2019autres joueurs sont aussi victimes de ce comportement antisportif comme le joueur d\u2019Amiens (France) et qui laisse les sp\u00e9cialistes songeurs, en d\u00e9pit des positions des uns et des autres, notamment ceux qui sont cens\u00e9s d\u00e9fendre les joueurs objets de ces comportements non-sportifs. Ils doivent\u00a0\u00a0 agir et surtout s\u00e9vir pour rendre leur dignit\u00e9 \u00e0 des joueurs qui ne m\u00e9ritent pas de tels w. C\u2019est vrai qu\u2019aujourd\u2019hui, il y eut quelques attitudes assez louables comme la position ferme \u00e9manant de la FIFA qui parle de cette situation en demandant \u00e0 tous les gestionnaires dans les diff\u00e9rentes institutions sportives \u00e0 une \u00abtol\u00e9rance z\u00e9ro\u00bb. \u00ab La F\u00e9d\u00e9ration internationale de football (Fifa) a appel\u00e9 \u00e0 une \u2018\u2019tol\u00e9rance z\u00e9ro\u2019\u2019 face au racisme, cons\u00e9cutivement \u00e0 de\u00a0\u00a0 nouveaux cris de singe ayant vis\u00e9 un joueur du club fran\u00e7ais, Amiens. L&rsquo;instance a appel\u00e9 notamment \u00e0 suivre la proc\u00e9dure \u2018\u2019en trois \u00e9tapes\u2019\u2019, pouvant conduire \u00e0 l&rsquo;arr\u00eat d&rsquo;un match en cas d&rsquo;incidents discriminatoires.\u00bb \u00abLa Fifa presse toutes les F\u00e9d\u00e9rations membres, les Ligues, les clubs et les instances disciplinaires \u00e0 adopter une proc\u00e9dure identique, ainsi qu&rsquo;une tol\u00e9rance z\u00e9ro pour les incidents li\u00e9s au racisme dans le football et \u00e0 infliger des sanctions s\u00e9v\u00e8res en cas de comportements de ce type\u00bb, a-t-elle indiqu\u00e9 dans un communiqu\u00e9. La Fifa \u00abse range\u00bb aux c\u00f4t\u00e9s de l&rsquo;Ami\u00e9nois Prince Gouano, vis\u00e9 par des cris de singe contre Dijon (0-0), mais aussi du S\u00e9n\u00e9galais Kalidou Coulibaly (Naples), des Anglais Raheem Sterling (Manchester City) et Dany Rose (Tottenham), \u00e9galement victimes d&rsquo;actes racistes. \u00abLe racisme doit cesser, point final\u00bb, a conclu l&rsquo;instance.\u00a0 Le racisme, qui est en train de se g\u00e9n\u00e9raliser dans le football europ\u00e9en, mais aussi mondial, effraie vraiment. Pour l\u2019emp\u00eacher de prendre de l\u2019ampleur et devenir plus dangereux, cette r\u00e9action de la FIFA ne peut \u00eatre que salutaire du fait qu\u2019elle a l\u2019intention de prendre de s\u00e9v\u00e8res sanctions \u00e0 l\u2019\u00e9gard des auteurs de \u00abcris de singes\u00bb ou lancement de bananes. EIle a instruit tout le monde pour lutter contre ce \u00abfl\u00e9au\u00bb. Car, apparemment, les banderoles vouant les vertus du fair-play n\u2019ont pas suffit. C\u2019est ce que la FIFA vient de d\u00e9cider qui pourrait, peut-\u00eatre, faire \u00e9voluer les choses dans le bons sens. C\u2019est tout le mal qu\u2019on leur souhaite.<br \/>\u00a0\u00a0\u00a0\u00a0\u00a0\u00a0\u00a0\u00a0\u00a0\u00a0\u00a0 <strong>Hamid Gharbi<\/strong><\/p>\n<p>Auteur: elmoudjahid<br \/>\n<a href=\"http:\/\/www.elmoudjahid.com\/fr\/actualites\/135936\">Cliquez ici pour lire l&rsquo;article depuis sa source.<\/a><\/p>\n","protected":false},"excerpt":{"rendered":"<p>Le football mondial est d\u2019abord un sport qui est par essence bas\u00e9 sur la sportivit\u00e9 et le rapprochement entre les peuples et ce, quelles que soient les diff\u00e9rences entre les uns et les autres. Les grandes comp\u00e9titions mondiales, \u00e0 l\u2019instar des comp\u00e9titions r\u00e9gionales et mondiales, se sont le plus souvent d\u00e9roul\u00e9es dans la plupart du [&hellip;]<\/p>\n","protected":false},"author":1744,"featured_media":0,"comment_status":"closed","ping_status":"closed","sticky":false,"template":"","format":"standard","meta":{"fifu_image_url":"","fifu_image_alt":"","footnotes":""},"categories":[73,53],"tags":[],"class_list":["post-28375","post","type-post","status-publish","format-standard","hentry","category-actualite","category-algerie"],"_links":{"self":[{"href":"https:\/\/linitiative.ca\/International\/wp-json\/wp\/v2\/posts\/28375","targetHints":{"allow":["GET"]}}],"collection":[{"href":"https:\/\/linitiative.ca\/International\/wp-json\/wp\/v2\/posts"}],"about":[{"href":"https:\/\/linitiative.ca\/International\/wp-json\/wp\/v2\/types\/post"}],"author":[{"embeddable":true,"href":"https:\/\/linitiative.ca\/International\/wp-json\/wp\/v2\/users\/1744"}],"replies":[{"embeddable":true,"href":"https:\/\/linitiative.ca\/International\/wp-json\/wp\/v2\/comments?post=28375"}],"version-history":[{"count":0,"href":"https:\/\/linitiative.ca\/International\/wp-json\/wp\/v2\/posts\/28375\/revisions"}],"wp:attachment":[{"href":"https:\/\/linitiative.ca\/International\/wp-json\/wp\/v2\/media?parent=28375"}],"wp:term":[{"taxonomy":"category","embeddable":true,"href":"https:\/\/linitiative.ca\/International\/wp-json\/wp\/v2\/categories?post=28375"},{"taxonomy":"post_tag","embeddable":true,"href":"https:\/\/linitiative.ca\/International\/wp-json\/wp\/v2\/tags?post=28375"}],"curies":[{"name":"wp","href":"https:\/\/api.w.org\/{rel}","templated":true}]}}